{"id":14807,"date":"2024-12-16T08:28:33","date_gmt":"2024-12-16T08:28:33","guid":{"rendered":"https:\/\/antoniomartinezclinicadental.com\/consequences-du-tabagisme-sur-la-sante-bucco-dentaire\/"},"modified":"2025-11-24T17:49:49","modified_gmt":"2025-11-24T17:49:49","slug":"consequences-du-tabagisme-sur-la-sante-bucco-dentaire","status":"publish","type":"post","link":"https:\/\/antoniomartinezclinicadental.com\/fr\/consequences-du-tabagisme-sur-la-sante-bucco-dentaire\/","title":{"rendered":"Cons\u00e9quences du tabagisme sur la sant\u00e9 bucco-dentaire"},"content":{"rendered":"\t\t<div data-elementor-type=\"wp-post\" data-elementor-id=\"14807\" class=\"elementor elementor-14807 elementor-1992\" data-elementor-post-type=\"post\">\n\t\t\t\t<div class=\"elementor-element elementor-element-a97b17c e-flex e-con-boxed e-con e-parent\" data-id=\"a97b17c\" data-element_type=\"container\" data-e-type=\"container\">\n\t\t\t\t\t<div class=\"e-con-inner\">\n\t\t\t\t<div class=\"elementor-element elementor-element-a849dc2 elementor-widget elementor-widget-image\" data-id=\"a849dc2\" data-element_type=\"widget\" data-e-type=\"widget\" data-widget_type=\"image.default\">\n\t\t\t\t<div class=\"elementor-widget-container\">\n\t\t\t\t\t\t\t\t\t\t\t\t\t\t\t<img fetchpriority=\"high\" decoding=\"async\" width=\"800\" height=\"460\" src=\"https:\/\/antoniomartinezclinicadental.com\/wp-content\/uploads\/2024\/12\/Dejar-de-fumar.jpg\" class=\"attachment-large size-large wp-image-14809\" alt=\"Salud Dental V\u00e9lez M\u00e1laga Tabaco\" srcset=\"https:\/\/antoniomartinezclinicadental.com\/wp-content\/uploads\/2024\/12\/Dejar-de-fumar.jpg 1000w, https:\/\/antoniomartinezclinicadental.com\/wp-content\/uploads\/2024\/12\/Dejar-de-fumar-300x173.jpg 300w, https:\/\/antoniomartinezclinicadental.com\/wp-content\/uploads\/2024\/12\/Dejar-de-fumar-768x442.jpg 768w\" sizes=\"(max-width: 800px) 100vw, 800px\" \/>\t\t\t\t\t\t\t\t\t\t\t\t\t\t\t<\/div>\n\t\t\t\t<\/div>\n\t\t\t\t\t<\/div>\n\t\t\t\t<\/div>\n\t\t<div class=\"elementor-element elementor-element-f95a292 e-flex e-con-boxed e-con e-parent\" data-id=\"f95a292\" data-element_type=\"container\" data-e-type=\"container\">\n\t\t\t\t\t<div class=\"e-con-inner\">\n\t\t\t\t<div class=\"elementor-element elementor-element-982ca85 elementor-widget elementor-widget-text-editor\" data-id=\"982ca85\" data-element_type=\"widget\" data-e-type=\"widget\" data-widget_type=\"text-editor.default\">\n\t\t\t\t<div class=\"elementor-widget-container\">\n\t\t\t\t\t\t\t\t\t<h2 id=\"1-el-cancer-oral-uno-de-los-mayores-riesgos-de-fumar\">  1- Le cancer de la bouche, l&rsquo;un des plus grands risques du tabagisme<\/h2>\t\t\t\t\t\t\t\t<\/div>\n\t\t\t\t<\/div>\n\t\t\t\t\t<\/div>\n\t\t\t\t<\/div>\n\t\t<div class=\"elementor-element elementor-element-f14f35a e-flex e-con-boxed e-con e-parent\" data-id=\"f14f35a\" data-element_type=\"container\" data-e-type=\"container\">\n\t\t\t\t\t<div class=\"e-con-inner\">\n\t\t\t\t<div class=\"elementor-element elementor-element-c3086c9 elementor-widget elementor-widget-text-editor\" data-id=\"c3086c9\" data-element_type=\"widget\" data-e-type=\"widget\" data-widget_type=\"text-editor.default\">\n\t\t\t\t<div class=\"elementor-widget-container\">\n\t\t\t\t\t\t\t\t\t<p>On parle de cancer de la bouche lorsqu&rsquo;<strong>une tumeur maligne se d\u00e9veloppe dans l&rsquo;une des structures de la bouche<\/strong>, telles que les muqueuses, le palais, la langue, la l\u00e8vre, les gencives ou les os. Le cancer survient lorsque des substances canc\u00e9rig\u00e8nes agissent sur les cellules et modifient leur mat\u00e9riel g\u00e9n\u00e9tique, provoquant une mutation. Ces cellules endommag\u00e9es peuvent se diviser et se multiplier de mani\u00e8re excessive dans l&rsquo;organisme. Bien qu&rsquo;il existe plusieurs facteurs d\u00e9clenchant cette maladie,<strong> 8 patients sur 10 atteints d&rsquo;un cancer de la bouche sont des fumeurs r\u00e9guliers.<\/strong>   <\/p>\t\t\t\t\t\t\t\t<\/div>\n\t\t\t\t<\/div>\n\t\t\t\t\t<\/div>\n\t\t\t\t<\/div>\n\t\t<div class=\"elementor-element elementor-element-2cdd29f e-flex e-con-boxed e-con e-parent\" data-id=\"2cdd29f\" data-element_type=\"container\" data-e-type=\"container\">\n\t\t\t\t\t<div class=\"e-con-inner\">\n\t\t\t\t<div class=\"elementor-element elementor-element-341b55d elementor-widget elementor-widget-text-editor\" data-id=\"341b55d\" data-element_type=\"widget\" data-e-type=\"widget\" data-widget_type=\"text-editor.default\">\n\t\t\t\t<div class=\"elementor-widget-container\">\n\t\t\t\t\t\t\t\t\t<h2>  2- Le tabac et sa relation avec la maladie parodontale<\/h2>\t\t\t\t\t\t\t\t<\/div>\n\t\t\t\t<\/div>\n\t\t\t\t\t<\/div>\n\t\t\t\t<\/div>\n\t\t<div class=\"elementor-element elementor-element-4fbf9f3 e-flex e-con-boxed e-con e-parent\" data-id=\"4fbf9f3\" data-element_type=\"container\" data-e-type=\"container\">\n\t\t\t\t\t<div class=\"e-con-inner\">\n\t\t\t\t<div class=\"elementor-element elementor-element-b00471d elementor-widget elementor-widget-text-editor\" data-id=\"b00471d\" data-element_type=\"widget\" data-e-type=\"widget\" data-widget_type=\"text-editor.default\">\n\t\t\t\t<div class=\"elementor-widget-container\">\n\t\t\t\t\t\t\t\t\t<p>La maladie parodontale <strong>est une maladie qui affecte l&rsquo;appareil de soutien des dents<\/strong>, comme les gencives, l&rsquo;os et le ligament parodontal. On parle de gingivite lorsqu&rsquo;il y a une inflammation des gencives, mais que l&rsquo;os n&rsquo;est pas endommag\u00e9. En revanche, s&rsquo;il y a perte osseuse, on parle de parodontite, qui peut conduire \u00e0 la perte des dents dans les cas les plus avanc\u00e9s. En effet, la parodontite est la premi\u00e8re cause de perte de dents chez l&rsquo;adulte, devant les caries. Bien que la maladie parodontale<strong> ait un facteur g\u00e9n\u00e9tique important, elle peut \u00eatre accentu\u00e9e<\/strong> par diff\u00e9rents facteurs tels que le tabagisme. Selon l&rsquo;\u00e9tude <g id=\"gid_2\">NHANES<\/g>, les fumeurs ont quatre fois plus de risques de la d\u00e9velopper. De plus, le tabagisme peut masquer, par son effet vasoconstricteur, un signe pr\u00e9curseur d&rsquo;une parodontite active, comme le saignement et le gonflement des gencives.      <\/p>\t\t\t\t\t\t\t\t<\/div>\n\t\t\t\t<\/div>\n\t\t\t\t\t<\/div>\n\t\t\t\t<\/div>\n\t\t<div class=\"elementor-element elementor-element-b762033 e-flex e-con-boxed e-con e-parent\" data-id=\"b762033\" data-element_type=\"container\" data-e-type=\"container\">\n\t\t\t\t\t<div class=\"e-con-inner\">\n\t\t\t\t<div class=\"elementor-element elementor-element-2a2ce94 elementor-widget elementor-widget-text-editor\" data-id=\"2a2ce94\" data-element_type=\"widget\" data-e-type=\"widget\" data-widget_type=\"text-editor.default\">\n\t\t\t\t<div class=\"elementor-widget-container\">\n\t\t\t\t\t\t\t\t\t<h2>  3- Les fumeurs ont un risque plus \u00e9lev\u00e9 d&rsquo;infections et une moins bonne cicatrisation des plaies.<\/h2>\t\t\t\t\t\t\t\t<\/div>\n\t\t\t\t<\/div>\n\t\t\t\t\t<\/div>\n\t\t\t\t<\/div>\n\t\t<div class=\"elementor-element elementor-element-f37a0aa e-flex e-con-boxed e-con e-parent\" data-id=\"f37a0aa\" data-element_type=\"container\" data-e-type=\"container\">\n\t\t\t\t\t<div class=\"e-con-inner\">\n\t\t\t\t<div class=\"elementor-element elementor-element-599bd97 elementor-widget elementor-widget-text-editor\" data-id=\"599bd97\" data-element_type=\"widget\" data-e-type=\"widget\" data-widget_type=\"text-editor.default\">\n\t\t\t\t<div class=\"elementor-widget-container\">\n\t\t\t\t\t\t\t\t\t<p><span style=\"color: #515050; font-family: Futura, 'Open Sans', sans-serif; text-align: justify;\">L&rsquo;effet de la nicotine dans la bouche entra\u00eene une diminution de l&rsquo;apport sanguin aux tissus et donc une diminution de l&rsquo;apport d&rsquo;oxyg\u00e8ne et de globules blancs. <\/span><span style=\"font-weight: 600; color: #515050; font-family: Futura, 'Open Sans', sans-serif; text-align: justify;\">une diminution de l&rsquo;apport sanguin aux tissus et donc une diminution de l&rsquo;apport d&rsquo;oxyg\u00e8ne et de globules blancs.<\/span><span style=\"color: #515050; font-family: Futura, 'Open Sans', sans-serif; text-align: justify;\"> <\/span><span style=\"font-weight: 600; color: #515050; font-family: Futura, 'Open Sans', sans-serif; text-align: justify;\">globules blancs <\/span><span style=\"color: #515050; font-family: Futura, 'Open Sans', sans-serif; text-align: justify;\">qui peuvent combattre d&rsquo;\u00e9ventuelles infections. Il a \u00e9galement \u00e9t\u00e9 prouv\u00e9 que les fumeurs ont tendance \u00e0 gu\u00e9rir plus lentement apr\u00e8s une chirurgie buccale.<\/span><\/p>\t\t\t\t\t\t\t\t<\/div>\n\t\t\t\t<\/div>\n\t\t\t\t\t<\/div>\n\t\t\t\t<\/div>\n\t\t<div class=\"elementor-element elementor-element-de9272f e-flex e-con-boxed e-con e-parent\" data-id=\"de9272f\" data-element_type=\"container\" data-e-type=\"container\">\n\t\t\t\t\t<div class=\"e-con-inner\">\n\t\t\t\t<div class=\"elementor-element elementor-element-64cc54a elementor-widget elementor-widget-text-editor\" data-id=\"64cc54a\" data-element_type=\"widget\" data-e-type=\"widget\" data-widget_type=\"text-editor.default\">\n\t\t\t\t<div class=\"elementor-widget-container\">\n\t\t\t\t\t\t\t\t\t<h2>  4- L&rsquo;alv\u00e9olite dentaire : une infection douloureuse \u00e9troitement li\u00e9e au tabagisme.<\/h2>\t\t\t\t\t\t\t\t<\/div>\n\t\t\t\t<\/div>\n\t\t\t\t\t<\/div>\n\t\t\t\t<\/div>\n\t\t<div class=\"elementor-element elementor-element-0790223 e-flex e-con-boxed e-con e-parent\" data-id=\"0790223\" data-element_type=\"container\" data-e-type=\"container\">\n\t\t\t\t\t<div class=\"e-con-inner\">\n\t\t\t\t<div class=\"elementor-element elementor-element-8620e38 elementor-widget elementor-widget-text-editor\" data-id=\"8620e38\" data-element_type=\"widget\" data-e-type=\"widget\" data-widget_type=\"text-editor.default\">\n\t\t\t\t<div class=\"elementor-widget-container\">\n\t\t\t\t\t\t\t\t\t<p>Apr\u00e8s une extraction dentaire, la bouche g\u00e9n\u00e8re un caillot dans l&rsquo;alv\u00e9ole qui favorise la cicatrisation et la r\u00e9g\u00e9n\u00e9ration des tissus. Cependant, dans certains cas, <strong>ce caillot peut ne pas se former ou ne pas se former correctement<\/strong>, provoquant une infection tr\u00e8s douloureuse connue sous le nom d&rsquo;alv\u00e9olite. L&rsquo;une des principales raisons pour lesquelles cette cicatrisation ne se fait pas correctement est le tabagisme, car la nicotine r\u00e9tr\u00e9cit les vaisseaux sanguins, minimisant ainsi l&rsquo;apport de sang \u00e0 l&rsquo;alv\u00e9ole.  <\/p><div class=\"embed-responsive embed-responsive-16by9 youtube\"> <\/div>\t\t\t\t\t\t\t\t<\/div>\n\t\t\t\t<\/div>\n\t\t\t\t\t<\/div>\n\t\t\t\t<\/div>\n\t\t<div class=\"elementor-element elementor-element-973640f e-flex e-con-boxed e-con e-parent\" data-id=\"973640f\" data-element_type=\"container\" data-e-type=\"container\">\n\t\t\t\t\t<div class=\"e-con-inner\">\n\t\t\t\t<div class=\"elementor-element elementor-element-39d5527 elementor-widget elementor-widget-image\" data-id=\"39d5527\" data-element_type=\"widget\" data-e-type=\"widget\" data-widget_type=\"image.default\">\n\t\t\t\t<div class=\"elementor-widget-container\">\n\t\t\t\t\t\t\t\t\t\t\t\t\t\t\t<img decoding=\"async\" width=\"800\" height=\"723\" src=\"https:\/\/antoniomartinezclinicadental.com\/wp-content\/uploads\/2024\/12\/Foto_beneficios_referenciada-1024x925.png\" class=\"attachment-large size-large wp-image-14808\" alt=\"Salud Dental V\u00e9lez M\u00e1laga Tabaco\" srcset=\"https:\/\/antoniomartinezclinicadental.com\/wp-content\/uploads\/2024\/12\/Foto_beneficios_referenciada-1024x925.png 1024w, https:\/\/antoniomartinezclinicadental.com\/wp-content\/uploads\/2024\/12\/Foto_beneficios_referenciada-300x271.png 300w, https:\/\/antoniomartinezclinicadental.com\/wp-content\/uploads\/2024\/12\/Foto_beneficios_referenciada-768x694.png 768w, https:\/\/antoniomartinezclinicadental.com\/wp-content\/uploads\/2024\/12\/Foto_beneficios_referenciada.png 1200w\" sizes=\"(max-width: 800px) 100vw, 800px\" \/>\t\t\t\t\t\t\t\t\t\t\t\t\t\t\t<\/div>\n\t\t\t\t<\/div>\n\t\t\t\t\t<\/div>\n\t\t\t\t<\/div>\n\t\t<div class=\"elementor-element elementor-element-c8acaa8 e-flex e-con-boxed e-con e-parent\" data-id=\"c8acaa8\" data-element_type=\"container\" data-e-type=\"container\">\n\t\t\t\t\t<div class=\"e-con-inner\">\n\t\t\t\t<div class=\"elementor-element elementor-element-3806c73 elementor-widget elementor-widget-text-editor\" data-id=\"3806c73\" data-element_type=\"widget\" data-e-type=\"widget\" data-widget_type=\"text-editor.default\">\n\t\t\t\t<div class=\"elementor-widget-container\">\n\t\t\t\t\t\t\t\t\t<h2>  5- Avez-vous des implants dentaires ? Le tabagisme peut entra\u00eener leur perte <\/h2>\t\t\t\t\t\t\t\t<\/div>\n\t\t\t\t<\/div>\n\t\t\t\t\t<\/div>\n\t\t\t\t<\/div>\n\t\t<div class=\"elementor-element elementor-element-4a8c05e e-flex e-con-boxed e-con e-parent\" data-id=\"4a8c05e\" data-element_type=\"container\" data-e-type=\"container\">\n\t\t\t\t\t<div class=\"e-con-inner\">\n\t\t\t\t<div class=\"elementor-element elementor-element-a90985b elementor-widget elementor-widget-text-editor\" data-id=\"a90985b\" data-element_type=\"widget\" data-e-type=\"widget\" data-widget_type=\"text-editor.default\">\n\t\t\t\t<div class=\"elementor-widget-container\">\n\t\t\t\t\t\t\t\t\t<p>Les implants dentaires sont des attachements en titane qui servent de \u00ab\u00a0racines artificielles\u00a0\u00bb l\u00e0 o\u00f9 il n&rsquo;y a pas de dents, afin d&rsquo;y ancrer des proth\u00e8ses dentaires fixes. Bien qu&rsquo;ils ne posent g\u00e9n\u00e9ralement pas de probl\u00e8mes, il existe<g id=\"gid_0\">un processus inflammatoire qui affecte les tissus entourant un implant dentaire et peut conduire \u00e0 sa perte.<\/g> Le tabagisme est l&rsquo;un des principaux facteurs de risque de cette infection appel\u00e9e p\u00e9ri-implantite.  <\/p>\t\t\t\t\t\t\t\t<\/div>\n\t\t\t\t<\/div>\n\t\t\t\t\t<\/div>\n\t\t\t\t<\/div>\n\t\t<div class=\"elementor-element elementor-element-a2a3b5e e-flex e-con-boxed e-con e-parent\" data-id=\"a2a3b5e\" data-element_type=\"container\" data-e-type=\"container\">\n\t\t\t\t\t<div class=\"e-con-inner\">\n\t\t\t\t<div class=\"elementor-element elementor-element-43828f4 elementor-widget elementor-widget-text-editor\" data-id=\"43828f4\" data-element_type=\"widget\" data-e-type=\"widget\" data-widget_type=\"text-editor.default\">\n\t\t\t\t<div class=\"elementor-widget-container\">\n\t\t\t\t\t\t\t\t\t<h2>  6- La cigarette provoque la x\u00e9rostomie<\/h2>\t\t\t\t\t\t\t\t<\/div>\n\t\t\t\t<\/div>\n\t\t\t\t\t<\/div>\n\t\t\t\t<\/div>\n\t\t<div class=\"elementor-element elementor-element-d58ceff e-flex e-con-boxed e-con e-parent\" data-id=\"d58ceff\" data-element_type=\"container\" data-e-type=\"container\">\n\t\t\t\t\t<div class=\"e-con-inner\">\n\t\t\t\t<div class=\"elementor-element elementor-element-a32b5fe elementor-widget elementor-widget-text-editor\" data-id=\"a32b5fe\" data-element_type=\"widget\" data-e-type=\"widget\" data-widget_type=\"text-editor.default\">\n\t\t\t\t<div class=\"elementor-widget-container\">\n\t\t\t\t\t\t\t\t\t<p>La x\u00e9rostomie ou s\u00e9cheresse buccale, c&rsquo;est-\u00e0-dire l&rsquo;insuffisance du flux salivaire, a de nombreuses cons\u00e9quences n\u00e9gatives sur la sant\u00e9 bucco-dentaire. La salive agit contre les organismes pathog\u00e8nes et constitue un alli\u00e9 fondamental dans le processus de nettoyage et de protection des dents et des gencives. Or, le <strong>tabagisme provoque une s\u00e9cheresse buccale<\/strong> qui nous rend plus vuln\u00e9rables, entre autres, aux caries dentaires.  <\/p>\t\t\t\t\t\t\t\t<\/div>\n\t\t\t\t<\/div>\n\t\t\t\t\t<\/div>\n\t\t\t\t<\/div>\n\t\t<div class=\"elementor-element elementor-element-863f6dc e-flex e-con-boxed e-con e-parent\" data-id=\"863f6dc\" data-element_type=\"container\" data-e-type=\"container\">\n\t\t\t\t\t<div class=\"e-con-inner\">\n\t\t\t\t<div class=\"elementor-element elementor-element-7e1e446 elementor-widget elementor-widget-image\" data-id=\"7e1e446\" data-element_type=\"widget\" data-e-type=\"widget\" data-widget_type=\"image.default\">\n\t\t\t\t<div class=\"elementor-widget-container\">\n\t\t\t\t\t\t\t\t\t\t\t\t\t\t\t<img decoding=\"async\" width=\"800\" height=\"773\" src=\"https:\/\/antoniomartinezclinicadental.com\/wp-content\/uploads\/2024\/12\/Xerostomia-1024x990.jpg\" class=\"attachment-large size-large wp-image-14810\" alt=\"Salud Dental V\u00e9lez M\u00e1laga Tabaco\" srcset=\"https:\/\/antoniomartinezclinicadental.com\/wp-content\/uploads\/2024\/12\/Xerostomia-1024x990.jpg 1024w, https:\/\/antoniomartinezclinicadental.com\/wp-content\/uploads\/2024\/12\/Xerostomia-300x290.jpg 300w, https:\/\/antoniomartinezclinicadental.com\/wp-content\/uploads\/2024\/12\/Xerostomia-768x743.jpg 768w, https:\/\/antoniomartinezclinicadental.com\/wp-content\/uploads\/2024\/12\/Xerostomia.jpg 1063w\" sizes=\"(max-width: 800px) 100vw, 800px\" \/>\t\t\t\t\t\t\t\t\t\t\t\t\t\t\t<\/div>\n\t\t\t\t<\/div>\n\t\t\t\t\t<\/div>\n\t\t\t\t<\/div>\n\t\t<div class=\"elementor-element elementor-element-677d16c e-flex e-con-boxed e-con e-parent\" data-id=\"677d16c\" data-element_type=\"container\" data-e-type=\"container\">\n\t\t\t\t\t<div class=\"e-con-inner\">\n\t\t\t\t<div class=\"elementor-element elementor-element-9f7e545 elementor-widget elementor-widget-text-editor\" data-id=\"9f7e545\" data-element_type=\"widget\" data-e-type=\"widget\" data-widget_type=\"text-editor.default\">\n\t\t\t\t<div class=\"elementor-widget-container\">\n\t\t\t\t\t\t\t\t\t<h2>7- Caries dentaires<\/h2>\t\t\t\t\t\t\t\t<\/div>\n\t\t\t\t<\/div>\n\t\t\t\t\t<\/div>\n\t\t\t\t<\/div>\n\t\t<div class=\"elementor-element elementor-element-3b21449 e-flex e-con-boxed e-con e-parent\" data-id=\"3b21449\" data-element_type=\"container\" data-e-type=\"container\">\n\t\t\t\t\t<div class=\"e-con-inner\">\n\t\t\t\t<div class=\"elementor-element elementor-element-2a538b8 elementor-widget elementor-widget-text-editor\" data-id=\"2a538b8\" data-element_type=\"widget\" data-e-type=\"widget\" data-widget_type=\"text-editor.default\">\n\t\t\t\t<div class=\"elementor-widget-container\">\n\t\t\t\t\t\t\t\t\t<p>La carie dentaire est une maladie infectieuse caus\u00e9e par des bact\u00e9ries pr\u00e9sentes dans la bouche. L&rsquo;hygi\u00e8ne dentaire et une <strong>bonne circulation de la salive sont essentielles pour contr\u00f4ler le d\u00e9veloppement et l&rsquo;activit\u00e9 de ces bact\u00e9ries<\/strong>, ce qui, comme nous l&rsquo;avons vu, n&rsquo;est pas favoris\u00e9 par la consommation de tabac.   <\/p>\t\t\t\t\t\t\t\t<\/div>\n\t\t\t\t<\/div>\n\t\t\t\t\t<\/div>\n\t\t\t\t<\/div>\n\t\t<div class=\"elementor-element elementor-element-89f9df8 e-flex e-con-boxed e-con e-parent\" data-id=\"89f9df8\" data-element_type=\"container\" data-e-type=\"container\">\n\t\t\t\t\t<div class=\"e-con-inner\">\n\t\t\t\t<div class=\"elementor-element elementor-element-060250e elementor-widget elementor-widget-text-editor\" data-id=\"060250e\" data-element_type=\"widget\" data-e-type=\"widget\" data-widget_type=\"text-editor.default\">\n\t\t\t\t<div class=\"elementor-widget-container\">\n\t\t\t\t\t\t\t\t\t<h2 style=\"text-align: left;\">8- Le tabagisme provoque l&rsquo;halitose<\/h2>\t\t\t\t\t\t\t\t<\/div>\n\t\t\t\t<\/div>\n\t\t\t\t\t<\/div>\n\t\t\t\t<\/div>\n\t\t<div class=\"elementor-element elementor-element-90bfdd9 e-flex e-con-boxed e-con e-parent\" data-id=\"90bfdd9\" data-element_type=\"container\" data-e-type=\"container\">\n\t\t\t\t\t<div class=\"e-con-inner\">\n\t\t\t\t<div class=\"elementor-element elementor-element-3507e3a elementor-widget elementor-widget-text-editor\" data-id=\"3507e3a\" data-element_type=\"widget\" data-e-type=\"widget\" data-widget_type=\"text-editor.default\">\n\t\t\t\t<div class=\"elementor-widget-container\">\n\t\t\t\t\t\t\t\t\t<p>L&rsquo;halitose est le fait d&rsquo;avoir mauvaise haleine. <strong>Le manque de salive est l&rsquo;une des principales causes de ce probl\u00e8me, mais l&rsquo;odeur du tabac elle-m\u00eame l&rsquo;accentue \u00e9galement<\/strong>. En outre, le tabac irrite les muqueuses de la bouche et des voies respiratoires, emp\u00eachant une bonne oxyg\u00e9nation et nuisant ainsi \u00e0 l&rsquo;haleine. <\/p>\t\t\t\t\t\t\t\t<\/div>\n\t\t\t\t<\/div>\n\t\t\t\t\t<\/div>\n\t\t\t\t<\/div>\n\t\t<div class=\"elementor-element elementor-element-21d1b48 e-flex e-con-boxed e-con e-parent\" data-id=\"21d1b48\" data-element_type=\"container\" data-e-type=\"container\">\n\t\t\t\t\t<div class=\"e-con-inner\">\n\t\t\t\t<div class=\"elementor-element elementor-element-e93669a elementor-widget elementor-widget-text-editor\" data-id=\"e93669a\" data-element_type=\"widget\" data-e-type=\"widget\" data-widget_type=\"text-editor.default\">\n\t\t\t\t<div class=\"elementor-widget-container\">\n\t\t\t\t\t\t\t\t\t<h2 style=\"text-align: left;\">9- Taches et dents jaunes : un probl\u00e8me courant chez les fumeurs<\/h2>\t\t\t\t\t\t\t\t<\/div>\n\t\t\t\t<\/div>\n\t\t\t\t\t<\/div>\n\t\t\t\t<\/div>\n\t\t<div class=\"elementor-element elementor-element-fdf7b4d e-flex e-con-boxed e-con e-parent\" data-id=\"fdf7b4d\" data-element_type=\"container\" data-e-type=\"container\">\n\t\t\t\t\t<div class=\"e-con-inner\">\n\t\t\t\t<div class=\"elementor-element elementor-element-2b5aece elementor-widget elementor-widget-text-editor\" data-id=\"2b5aece\" data-element_type=\"widget\" data-e-type=\"widget\" data-widget_type=\"text-editor.default\">\n\t\t\t\t<div class=\"elementor-widget-container\">\n\t\t\t\t\t\t\t\t\t<p>Le maintien de la couleur d&rsquo;origine des dents n\u00e9cessite une hygi\u00e8ne dentaire rigoureuse et des visites r\u00e9guli\u00e8res chez le dentiste. Chez les fumeurs, cette n\u00e9cessit\u00e9 est encore plus grande, car <strong>la nicotine et le goudron contenus dans les cigarettes se d\u00e9posent \u00e0 la surface des dents<\/strong>et peuvent p\u00e9n\u00e9trer dans les tubules dentinaires, les tachant et les jaunissant. <\/p>\t\t\t\t\t\t\t\t<\/div>\n\t\t\t\t<\/div>\n\t\t\t\t\t<\/div>\n\t\t\t\t<\/div>\n\t\t<div class=\"elementor-element elementor-element-e62d5a2 e-flex e-con-boxed e-con e-parent\" data-id=\"e62d5a2\" data-element_type=\"container\" data-e-type=\"container\">\n\t\t\t\t\t<div class=\"e-con-inner\">\n\t\t\t\t<div class=\"elementor-element elementor-element-b292bbd elementor-widget elementor-widget-text-editor\" data-id=\"b292bbd\" data-element_type=\"widget\" data-e-type=\"widget\" data-widget_type=\"text-editor.default\">\n\t\t\t\t<div class=\"elementor-widget-container\">\n\t\t\t\t\t\t\t\t\t<h2 style=\"text-align: left;\">10- Mycoses buccales et autres l\u00e9sions de la muqueuse buccale<\/h2>\t\t\t\t\t\t\t\t<\/div>\n\t\t\t\t<\/div>\n\t\t\t\t\t<\/div>\n\t\t\t\t<\/div>\n\t\t<div class=\"elementor-element elementor-element-d9913fa e-flex e-con-boxed e-con e-parent\" data-id=\"d9913fa\" data-element_type=\"container\" data-e-type=\"container\">\n\t\t\t\t\t<div class=\"e-con-inner\">\n\t\t\t\t<div class=\"elementor-element elementor-element-9ffc9ec elementor-widget elementor-widget-text-editor\" data-id=\"9ffc9ec\" data-element_type=\"widget\" data-e-type=\"widget\" data-widget_type=\"text-editor.default\">\n\t\t\t\t<div class=\"elementor-widget-container\">\n\t\t\t\t\t\t\t\t\t<p>Une autre cons\u00e9quence n\u00e9gative du tabagisme est qu&rsquo;il alt\u00e8re la microflore buccale, ce qui <strong>favorise le d\u00e9veloppement de champignons dans la bouche tels que la candidose ou de l\u00e9sions des muqueuses<\/strong> telles que le pemphigus, la leucoplasie ou le lichen plan, qui peuvent \u00e0 leur tour pr\u00e9senter un risque de malignit\u00e9 et provoquer un cancer de la bouche.<\/p>\t\t\t\t\t\t\t\t<\/div>\n\t\t\t\t<\/div>\n\t\t\t\t\t<\/div>\n\t\t\t\t<\/div>\n\t\t<div class=\"elementor-element elementor-element-1c115a2 e-flex e-con-boxed e-con e-parent\" data-id=\"1c115a2\" data-element_type=\"container\" data-e-type=\"container\">\n\t\t\t\t\t<div class=\"e-con-inner\">\n\t\t\t\t<div class=\"elementor-element elementor-element-dc3313d elementor-widget elementor-widget-text-editor\" data-id=\"dc3313d\" data-element_type=\"widget\" data-e-type=\"widget\" data-widget_type=\"text-editor.default\">\n\t\t\t\t<div class=\"elementor-widget-container\">\n\t\t\t\t\t\t\t\t\t<h2 id=\"11-efectos-en-la-piel\">11- Effets sur la peau<\/h2>\t\t\t\t\t\t\t\t<\/div>\n\t\t\t\t<\/div>\n\t\t\t\t\t<\/div>\n\t\t\t\t<\/div>\n\t\t<div class=\"elementor-element elementor-element-0953096 e-flex e-con-boxed e-con e-parent\" data-id=\"0953096\" data-element_type=\"container\" data-e-type=\"container\">\n\t\t\t\t\t<div class=\"e-con-inner\">\n\t\t\t\t<div class=\"elementor-element elementor-element-c38b0fd elementor-widget elementor-widget-text-editor\" data-id=\"c38b0fd\" data-element_type=\"widget\" data-e-type=\"widget\" data-widget_type=\"text-editor.default\">\n\t\t\t\t<div class=\"elementor-widget-container\">\n\t\t\t\t\t\t\t\t\t<p>L&rsquo;effet du tabagisme sur l&rsquo;apparence et la sant\u00e9 de la peau est bien connu, car un tabagisme prolong\u00e9 entra\u00eene un vieillissement pr\u00e9matur\u00e9. Mais les <strong>fumeurs r\u00e9guliers peuvent<\/strong> \u00e9galement <strong>souffrir du \u00ab\u00a0code-barres\u00a0\u00bb<\/strong> qui se forme autour des l\u00e8vres, en particulier de la l\u00e8vre sup\u00e9rieure. Ce ph\u00e9nom\u00e8ne est d\u00fb \u00e0 un plissement de l&rsquo;\u00e9pith\u00e9lium des l\u00e8vres qui finit par se transformer en une ride en raison de la stimulation continue du muscle orbicularis oris que nous utilisons dans des actions telles que le baiser, le sifflement ou l&rsquo;aspiration de la fum\u00e9e de cigarette, d&rsquo;o\u00f9 le nom de \u00ab\u00a0bouche du fumeur\u00a0\u00bb.  <\/p>\t\t\t\t\t\t\t\t<\/div>\n\t\t\t\t<\/div>\n\t\t\t\t\t<\/div>\n\t\t\t\t<\/div>\n\t\t<div class=\"elementor-element elementor-element-c782806 e-flex e-con-boxed e-con e-parent\" data-id=\"c782806\" data-element_type=\"container\" data-e-type=\"container\">\n\t\t\t\t\t<div class=\"e-con-inner\">\n\t\t\t\t<div class=\"elementor-element elementor-element-59d748b elementor-widget elementor-widget-text-editor\" data-id=\"59d748b\" data-element_type=\"widget\" data-e-type=\"widget\" data-widget_type=\"text-editor.default\">\n\t\t\t\t<div class=\"elementor-widget-container\">\n\t\t\t\t\t\t\t\t\t<h2 id=\"12-el-tabaco-provoca-deterioro-del-gusto-y-el-olfato\">12- Le tabac entra\u00eene une d\u00e9t\u00e9rioration du go\u00fbt et de l&rsquo;odorat.<\/h2>\t\t\t\t\t\t\t\t<\/div>\n\t\t\t\t<\/div>\n\t\t\t\t\t<\/div>\n\t\t\t\t<\/div>\n\t\t<div class=\"elementor-element elementor-element-af22441 e-flex e-con-boxed e-con e-parent\" data-id=\"af22441\" data-element_type=\"container\" data-e-type=\"container\">\n\t\t\t\t\t<div class=\"e-con-inner\">\n\t\t\t\t<div class=\"elementor-element elementor-element-fb8c526 elementor-widget elementor-widget-text-editor\" data-id=\"fb8c526\" data-element_type=\"widget\" data-e-type=\"widget\" data-widget_type=\"text-editor.default\">\n\t\t\t\t<div class=\"elementor-widget-container\">\n\t\t\t\t\t\t\t\t\t<p>La derni\u00e8re cons\u00e9quence du tabagisme que nous souhaitons mentionner est que cette mauvaise habitude affecte \u00e9galement le sens du go\u00fbt et de l&rsquo;odorat. <strong>L&rsquo;action du tabac limite la perception des odeurs et des go\u00fbts<\/strong> selon une \u00e9tude de l&rsquo;<a href=\"https:\/\/www.mouthhealthy.org\/en\/az-topics\/s\/smoking-and-tobacco\" target=\"_blank\" rel=\"noopener\">American Dental Association (ADA)<\/a>.<\/p>\t\t\t\t\t\t\t\t<\/div>\n\t\t\t\t<\/div>\n\t\t\t\t\t<\/div>\n\t\t\t\t<\/div>\n\t\t<div class=\"elementor-element elementor-element-69519a1 e-flex e-con-boxed e-con e-parent\" data-id=\"69519a1\" data-element_type=\"container\" data-e-type=\"container\">\n\t\t\t\t\t<div class=\"e-con-inner\">\n\t\t\t\t<div class=\"elementor-element elementor-element-cb4e5e6 elementor-widget elementor-widget-text-editor\" data-id=\"cb4e5e6\" data-element_type=\"widget\" data-e-type=\"widget\" data-widget_type=\"text-editor.default\">\n\t\t\t\t<div class=\"elementor-widget-container\">\n\t\t\t\t\t\t\t\t\t<p><strong>Le tabagisme a un impact significatif et n\u00e9gatif sur la sant\u00e9 bucco-dentaire, causant des probl\u00e8mes allant des dents tach\u00e9es et de la mauvaise haleine \u00e0 des maladies graves telles que la parodontite et le cancer de la bouche. Ces cons\u00e9quences n&rsquo;affectent pas seulement l&rsquo;apparence de votre sourire, mais aussi votre bien-\u00eatre g\u00e9n\u00e9ral. Arr\u00eater de fumer est la meilleure d\u00e9cision \u00e0 prendre pour prot\u00e9ger votre bouche, pr\u00e9venir les complications et b\u00e9n\u00e9ficier d&rsquo;une sant\u00e9 bucco-dentaire optimale &#8211; votre sourire vous en remerciera !   <\/strong><\/p>\t\t\t\t\t\t\t\t<\/div>\n\t\t\t\t<\/div>\n\t\t\t\t\t<\/div>\n\t\t\t\t<\/div>\n\t\t<div class=\"elementor-element elementor-element-e3e9533 e-flex e-con-boxed e-con e-parent\" data-id=\"e3e9533\" data-element_type=\"container\" data-e-type=\"container\">\n\t\t\t\t\t<div class=\"e-con-inner\">\n\t\t\t\t<div class=\"elementor-element elementor-element-a985f85 elementor-widget elementor-widget-image\" data-id=\"a985f85\" data-element_type=\"widget\" data-e-type=\"widget\" data-widget_type=\"image.default\">\n\t\t\t\t<div class=\"elementor-widget-container\">\n\t\t\t\t\t\t\t\t\t\t\t\t\t\t\t<img loading=\"lazy\" decoding=\"async\" width=\"800\" height=\"450\" src=\"https:\/\/antoniomartinezclinicadental.com\/wp-content\/uploads\/2024\/12\/fumar-mata-1024x576.jpg\" class=\"attachment-large size-large wp-image-14811\" alt=\"Salud Dental V\u00e9lez M\u00e1laga Tabaco\" srcset=\"https:\/\/antoniomartinezclinicadental.com\/wp-content\/uploads\/2024\/12\/fumar-mata-1024x576.jpg 1024w, https:\/\/antoniomartinezclinicadental.com\/wp-content\/uploads\/2024\/12\/fumar-mata-300x169.jpg 300w, https:\/\/antoniomartinezclinicadental.com\/wp-content\/uploads\/2024\/12\/fumar-mata-768x432.jpg 768w, https:\/\/antoniomartinezclinicadental.com\/wp-content\/uploads\/2024\/12\/fumar-mata-1536x864.jpg 1536w, https:\/\/antoniomartinezclinicadental.com\/wp-content\/uploads\/2024\/12\/fumar-mata.jpg 1920w\" sizes=\"(max-width: 800px) 100vw, 800px\" \/>\t\t\t\t\t\t\t\t\t\t\t\t\t\t\t<\/div>\n\t\t\t\t<\/div>\n\t\t\t\t\t<\/div>\n\t\t\t\t<\/div>\n\t\t\t\t<\/div>\n\t\t","protected":false},"excerpt":{"rendered":"<p>Le tabagisme n&rsquo;affecte pas seulement vos poumons et votre sant\u00e9 g\u00e9n\u00e9rale, il a aussi de graves cons\u00e9quences sur votre sant\u00e9 bucco-dentaire. De l&rsquo;augmentation du risque de cancer de la bouche \u00e0 des probl\u00e8mes tels que la parodontite, les infections post-implantaires et les caries, le tabagisme compromet la sant\u00e9 de vos dents et de vos gencives. D\u00e9couvrez comment le tabagisme peut endommager votre sourire et quelles mesures vous pouvez prendre pour le prot\u00e9ger.  <\/p>\n","protected":false},"author":1,"featured_media":14811,"comment_status":"closed","ping_status":"open","sticky":false,"template":"","format":"standard","meta":{"footnotes":""},"categories":[41],"tags":[],"class_list":["post-14807","post","type-post","status-publish","format-standard","has-post-thumbnail","hentry","category-article"],"yoast_head":"<!-- This site is optimized with the Yoast SEO plugin v27.4 - https:\/\/yoast.com\/product\/yoast-seo-wordpress\/ -->\n<title>Cons\u00e9quences du tabagisme sur la sant\u00e9 bucco-dentaire - Antonio Martinez Cl\u00ednica Dental<\/title>\n<meta name=\"robots\" content=\"index, follow, max-snippet:-1, max-image-preview:large, max-video-preview:-1\" \/>\n<link rel=\"canonical\" href=\"https:\/\/antoniomartinezclinicadental.com\/fr\/consequences-du-tabagisme-sur-la-sante-bucco-dentaire\/\" \/>\n<meta property=\"og:locale\" content=\"fr_FR\" \/>\n<meta property=\"og:type\" content=\"article\" \/>\n<meta property=\"og:title\" content=\"Cons\u00e9quences du tabagisme sur la sant\u00e9 bucco-dentaire - Antonio Martinez Cl\u00ednica Dental\" \/>\n<meta property=\"og:description\" content=\"Le tabagisme n&#039;affecte pas seulement vos poumons et votre sant\u00e9 g\u00e9n\u00e9rale, il a aussi de graves cons\u00e9quences sur votre sant\u00e9 bucco-dentaire. De l&#039;augmentation du risque de cancer de la bouche \u00e0 des probl\u00e8mes tels que la parodontite, les infections post-implantaires et les caries, le tabagisme compromet la sant\u00e9 de vos dents et de vos gencives. D\u00e9couvrez comment le tabagisme peut endommager votre sourire et quelles mesures vous pouvez prendre pour le prot\u00e9ger.\" \/>\n<meta property=\"og:url\" content=\"https:\/\/antoniomartinezclinicadental.com\/fr\/consequences-du-tabagisme-sur-la-sante-bucco-dentaire\/\" \/>\n<meta property=\"og:site_name\" content=\"Antonio Martinez Cl\u00ednica Dental\" \/>\n<meta property=\"article:publisher\" content=\"https:\/\/www.facebook.com\/p\/Clinica-Dental-Antonio-Martinez-100066372022427\/?locale=es_ES\" \/>\n<meta property=\"article:published_time\" content=\"2024-12-16T08:28:33+00:00\" \/>\n<meta property=\"article:modified_time\" content=\"2025-11-24T17:49:49+00:00\" \/>\n<meta property=\"og:image\" content=\"https:\/\/antoniomartinezclinicadental.com\/wp-content\/uploads\/2024\/12\/fumar-mata.jpg\" \/>\n\t<meta property=\"og:image:width\" content=\"1920\" \/>\n\t<meta property=\"og:image:height\" content=\"1080\" \/>\n\t<meta property=\"og:image:type\" content=\"image\/jpeg\" \/>\n<meta name=\"author\" content=\"antoniomartinezclinicadental@gmail.com\" \/>\n<meta name=\"twitter:card\" content=\"summary_large_image\" \/>\n<meta name=\"twitter:label1\" content=\"\u00c9crit par\" \/>\n\t<meta name=\"twitter:data1\" content=\"antoniomartinezclinicadental@gmail.com\" \/>\n\t<meta name=\"twitter:label2\" content=\"Dur\u00e9e de lecture estim\u00e9e\" \/>\n\t<meta name=\"twitter:data2\" content=\"6 minutes\" \/>\n<script type=\"application\/ld+json\" class=\"yoast-schema-graph\">{\"@context\":\"https:\\\/\\\/schema.org\",\"@graph\":[{\"@type\":\"Article\",\"@id\":\"https:\\\/\\\/antoniomartinezclinicadental.com\\\/fr\\\/consequences-du-tabagisme-sur-la-sante-bucco-dentaire\\\/#article\",\"isPartOf\":{\"@id\":\"https:\\\/\\\/antoniomartinezclinicadental.com\\\/fr\\\/consequences-du-tabagisme-sur-la-sante-bucco-dentaire\\\/\"},\"author\":{\"name\":\"antoniomartinezclinicadental@gmail.com\",\"@id\":\"https:\\\/\\\/antoniomartinezclinicadental.com\\\/fr\\\/#\\\/schema\\\/person\\\/fb6e7a180c0e5f3ecf01865e4eb90dab\"},\"headline\":\"Cons\u00e9quences du tabagisme sur la sant\u00e9 bucco-dentaire\",\"datePublished\":\"2024-12-16T08:28:33+00:00\",\"dateModified\":\"2025-11-24T17:49:49+00:00\",\"mainEntityOfPage\":{\"@id\":\"https:\\\/\\\/antoniomartinezclinicadental.com\\\/fr\\\/consequences-du-tabagisme-sur-la-sante-bucco-dentaire\\\/\"},\"wordCount\":1217,\"publisher\":{\"@id\":\"https:\\\/\\\/antoniomartinezclinicadental.com\\\/fr\\\/#organization\"},\"image\":{\"@id\":\"https:\\\/\\\/antoniomartinezclinicadental.com\\\/fr\\\/consequences-du-tabagisme-sur-la-sante-bucco-dentaire\\\/#primaryimage\"},\"thumbnailUrl\":\"https:\\\/\\\/antoniomartinezclinicadental.com\\\/wp-content\\\/uploads\\\/2024\\\/12\\\/fumar-mata.jpg\",\"articleSection\":[\"Article\"],\"inLanguage\":\"fr-FR\"},{\"@type\":\"WebPage\",\"@id\":\"https:\\\/\\\/antoniomartinezclinicadental.com\\\/fr\\\/consequences-du-tabagisme-sur-la-sante-bucco-dentaire\\\/\",\"url\":\"https:\\\/\\\/antoniomartinezclinicadental.com\\\/fr\\\/consequences-du-tabagisme-sur-la-sante-bucco-dentaire\\\/\",\"name\":\"Cons\u00e9quences du tabagisme sur la sant\u00e9 bucco-dentaire - Antonio Martinez Cl\u00ednica Dental\",\"isPartOf\":{\"@id\":\"https:\\\/\\\/antoniomartinezclinicadental.com\\\/fr\\\/#website\"},\"primaryImageOfPage\":{\"@id\":\"https:\\\/\\\/antoniomartinezclinicadental.com\\\/fr\\\/consequences-du-tabagisme-sur-la-sante-bucco-dentaire\\\/#primaryimage\"},\"image\":{\"@id\":\"https:\\\/\\\/antoniomartinezclinicadental.com\\\/fr\\\/consequences-du-tabagisme-sur-la-sante-bucco-dentaire\\\/#primaryimage\"},\"thumbnailUrl\":\"https:\\\/\\\/antoniomartinezclinicadental.com\\\/wp-content\\\/uploads\\\/2024\\\/12\\\/fumar-mata.jpg\",\"datePublished\":\"2024-12-16T08:28:33+00:00\",\"dateModified\":\"2025-11-24T17:49:49+00:00\",\"breadcrumb\":{\"@id\":\"https:\\\/\\\/antoniomartinezclinicadental.com\\\/fr\\\/consequences-du-tabagisme-sur-la-sante-bucco-dentaire\\\/#breadcrumb\"},\"inLanguage\":\"fr-FR\",\"potentialAction\":[{\"@type\":\"ReadAction\",\"target\":[\"https:\\\/\\\/antoniomartinezclinicadental.com\\\/fr\\\/consequences-du-tabagisme-sur-la-sante-bucco-dentaire\\\/\"]}]},{\"@type\":\"ImageObject\",\"inLanguage\":\"fr-FR\",\"@id\":\"https:\\\/\\\/antoniomartinezclinicadental.com\\\/fr\\\/consequences-du-tabagisme-sur-la-sante-bucco-dentaire\\\/#primaryimage\",\"url\":\"https:\\\/\\\/antoniomartinezclinicadental.com\\\/wp-content\\\/uploads\\\/2024\\\/12\\\/fumar-mata.jpg\",\"contentUrl\":\"https:\\\/\\\/antoniomartinezclinicadental.com\\\/wp-content\\\/uploads\\\/2024\\\/12\\\/fumar-mata.jpg\",\"width\":1920,\"height\":1080,\"caption\":\"Salud Dental V\u00e9lez M\u00e1laga Tabaco\"},{\"@type\":\"BreadcrumbList\",\"@id\":\"https:\\\/\\\/antoniomartinezclinicadental.com\\\/fr\\\/consequences-du-tabagisme-sur-la-sante-bucco-dentaire\\\/#breadcrumb\",\"itemListElement\":[{\"@type\":\"ListItem\",\"position\":1,\"name\":\"Home\",\"item\":\"https:\\\/\\\/antoniomartinezclinicadental.com\\\/fr\\\/\"},{\"@type\":\"ListItem\",\"position\":2,\"name\":\"Cons\u00e9quences du tabagisme sur la sant\u00e9 bucco-dentaire\"}]},{\"@type\":\"WebSite\",\"@id\":\"https:\\\/\\\/antoniomartinezclinicadental.com\\\/fr\\\/#website\",\"url\":\"https:\\\/\\\/antoniomartinezclinicadental.com\\\/fr\\\/\",\"name\":\"Antonio Martinez Cl\u00ednica Dental\",\"description\":\"Dentista en V\u00e9lez-M\u00e1laga\",\"publisher\":{\"@id\":\"https:\\\/\\\/antoniomartinezclinicadental.com\\\/fr\\\/#organization\"},\"potentialAction\":[{\"@type\":\"SearchAction\",\"target\":{\"@type\":\"EntryPoint\",\"urlTemplate\":\"https:\\\/\\\/antoniomartinezclinicadental.com\\\/fr\\\/?s={search_term_string}\"},\"query-input\":{\"@type\":\"PropertyValueSpecification\",\"valueRequired\":true,\"valueName\":\"search_term_string\"}}],\"inLanguage\":\"fr-FR\"},{\"@type\":\"Organization\",\"@id\":\"https:\\\/\\\/antoniomartinezclinicadental.com\\\/fr\\\/#organization\",\"name\":\"Antonio Martinez Cl\u00ednica Dental\",\"url\":\"https:\\\/\\\/antoniomartinezclinicadental.com\\\/fr\\\/\",\"logo\":{\"@type\":\"ImageObject\",\"inLanguage\":\"fr-FR\",\"@id\":\"https:\\\/\\\/antoniomartinezclinicadental.com\\\/fr\\\/#\\\/schema\\\/logo\\\/image\\\/\",\"url\":\"https:\\\/\\\/antoniomartinezclinicadental.com\\\/wp-content\\\/uploads\\\/2025\\\/02\\\/logosinfondo.webp\",\"contentUrl\":\"https:\\\/\\\/antoniomartinezclinicadental.com\\\/wp-content\\\/uploads\\\/2025\\\/02\\\/logosinfondo.webp\",\"width\":533,\"height\":69,\"caption\":\"Antonio Martinez Cl\u00ednica Dental\"},\"image\":{\"@id\":\"https:\\\/\\\/antoniomartinezclinicadental.com\\\/fr\\\/#\\\/schema\\\/logo\\\/image\\\/\"},\"sameAs\":[\"https:\\\/\\\/www.facebook.com\\\/p\\\/Clinica-Dental-Antonio-Martinez-100066372022427\\\/?locale=es_ES\",\"https:\\\/\\\/www.instagram.com\\\/antoniomartinezclinicadental\\\/?igsh=MTI2OGtxaDhweHJnbA#\"]},{\"@type\":\"Person\",\"@id\":\"https:\\\/\\\/antoniomartinezclinicadental.com\\\/fr\\\/#\\\/schema\\\/person\\\/fb6e7a180c0e5f3ecf01865e4eb90dab\",\"name\":\"antoniomartinezclinicadental@gmail.com\",\"image\":{\"@type\":\"ImageObject\",\"inLanguage\":\"fr-FR\",\"@id\":\"https:\\\/\\\/secure.gravatar.com\\\/avatar\\\/289578bf111a774cdf3c4192ddc7b6d5dde7a4dbc654e0cd5b52d050c0f3896d?s=96&d=mm&r=g\",\"url\":\"https:\\\/\\\/secure.gravatar.com\\\/avatar\\\/289578bf111a774cdf3c4192ddc7b6d5dde7a4dbc654e0cd5b52d050c0f3896d?s=96&d=mm&r=g\",\"contentUrl\":\"https:\\\/\\\/secure.gravatar.com\\\/avatar\\\/289578bf111a774cdf3c4192ddc7b6d5dde7a4dbc654e0cd5b52d050c0f3896d?s=96&d=mm&r=g\",\"caption\":\"antoniomartinezclinicadental@gmail.com\"},\"sameAs\":[\"https:\\\/\\\/antoniomartinezclinicadental.com\"],\"url\":\"https:\\\/\\\/antoniomartinezclinicadental.com\\\/fr\\\/author\\\/antoniomartinezclinicadentalgmail-com\\\/\"}]}<\/script>\n<!-- \/ Yoast SEO plugin. -->","yoast_head_json":{"title":"Cons\u00e9quences du tabagisme sur la sant\u00e9 bucco-dentaire - Antonio Martinez Cl\u00ednica Dental","robots":{"index":"index","follow":"follow","max-snippet":"max-snippet:-1","max-image-preview":"max-image-preview:large","max-video-preview":"max-video-preview:-1"},"canonical":"https:\/\/antoniomartinezclinicadental.com\/fr\/consequences-du-tabagisme-sur-la-sante-bucco-dentaire\/","og_locale":"fr_FR","og_type":"article","og_title":"Cons\u00e9quences du tabagisme sur la sant\u00e9 bucco-dentaire - Antonio Martinez Cl\u00ednica Dental","og_description":"Le tabagisme n'affecte pas seulement vos poumons et votre sant\u00e9 g\u00e9n\u00e9rale, il a aussi de graves cons\u00e9quences sur votre sant\u00e9 bucco-dentaire. De l'augmentation du risque de cancer de la bouche \u00e0 des probl\u00e8mes tels que la parodontite, les infections post-implantaires et les caries, le tabagisme compromet la sant\u00e9 de vos dents et de vos gencives. D\u00e9couvrez comment le tabagisme peut endommager votre sourire et quelles mesures vous pouvez prendre pour le prot\u00e9ger.","og_url":"https:\/\/antoniomartinezclinicadental.com\/fr\/consequences-du-tabagisme-sur-la-sante-bucco-dentaire\/","og_site_name":"Antonio Martinez Cl\u00ednica Dental","article_publisher":"https:\/\/www.facebook.com\/p\/Clinica-Dental-Antonio-Martinez-100066372022427\/?locale=es_ES","article_published_time":"2024-12-16T08:28:33+00:00","article_modified_time":"2025-11-24T17:49:49+00:00","og_image":[{"width":1920,"height":1080,"url":"https:\/\/antoniomartinezclinicadental.com\/wp-content\/uploads\/2024\/12\/fumar-mata.jpg","type":"image\/jpeg"}],"author":"antoniomartinezclinicadental@gmail.com","twitter_card":"summary_large_image","twitter_misc":{"\u00c9crit par":"antoniomartinezclinicadental@gmail.com","Dur\u00e9e de lecture estim\u00e9e":"6 minutes"},"schema":{"@context":"https:\/\/schema.org","@graph":[{"@type":"Article","@id":"https:\/\/antoniomartinezclinicadental.com\/fr\/consequences-du-tabagisme-sur-la-sante-bucco-dentaire\/#article","isPartOf":{"@id":"https:\/\/antoniomartinezclinicadental.com\/fr\/consequences-du-tabagisme-sur-la-sante-bucco-dentaire\/"},"author":{"name":"antoniomartinezclinicadental@gmail.com","@id":"https:\/\/antoniomartinezclinicadental.com\/fr\/#\/schema\/person\/fb6e7a180c0e5f3ecf01865e4eb90dab"},"headline":"Cons\u00e9quences du tabagisme sur la sant\u00e9 bucco-dentaire","datePublished":"2024-12-16T08:28:33+00:00","dateModified":"2025-11-24T17:49:49+00:00","mainEntityOfPage":{"@id":"https:\/\/antoniomartinezclinicadental.com\/fr\/consequences-du-tabagisme-sur-la-sante-bucco-dentaire\/"},"wordCount":1217,"publisher":{"@id":"https:\/\/antoniomartinezclinicadental.com\/fr\/#organization"},"image":{"@id":"https:\/\/antoniomartinezclinicadental.com\/fr\/consequences-du-tabagisme-sur-la-sante-bucco-dentaire\/#primaryimage"},"thumbnailUrl":"https:\/\/antoniomartinezclinicadental.com\/wp-content\/uploads\/2024\/12\/fumar-mata.jpg","articleSection":["Article"],"inLanguage":"fr-FR"},{"@type":"WebPage","@id":"https:\/\/antoniomartinezclinicadental.com\/fr\/consequences-du-tabagisme-sur-la-sante-bucco-dentaire\/","url":"https:\/\/antoniomartinezclinicadental.com\/fr\/consequences-du-tabagisme-sur-la-sante-bucco-dentaire\/","name":"Cons\u00e9quences du tabagisme sur la sant\u00e9 bucco-dentaire - Antonio Martinez Cl\u00ednica Dental","isPartOf":{"@id":"https:\/\/antoniomartinezclinicadental.com\/fr\/#website"},"primaryImageOfPage":{"@id":"https:\/\/antoniomartinezclinicadental.com\/fr\/consequences-du-tabagisme-sur-la-sante-bucco-dentaire\/#primaryimage"},"image":{"@id":"https:\/\/antoniomartinezclinicadental.com\/fr\/consequences-du-tabagisme-sur-la-sante-bucco-dentaire\/#primaryimage"},"thumbnailUrl":"https:\/\/antoniomartinezclinicadental.com\/wp-content\/uploads\/2024\/12\/fumar-mata.jpg","datePublished":"2024-12-16T08:28:33+00:00","dateModified":"2025-11-24T17:49:49+00:00","breadcrumb":{"@id":"https:\/\/antoniomartinezclinicadental.com\/fr\/consequences-du-tabagisme-sur-la-sante-bucco-dentaire\/#breadcrumb"},"inLanguage":"fr-FR","potentialAction":[{"@type":"ReadAction","target":["https:\/\/antoniomartinezclinicadental.com\/fr\/consequences-du-tabagisme-sur-la-sante-bucco-dentaire\/"]}]},{"@type":"ImageObject","inLanguage":"fr-FR","@id":"https:\/\/antoniomartinezclinicadental.com\/fr\/consequences-du-tabagisme-sur-la-sante-bucco-dentaire\/#primaryimage","url":"https:\/\/antoniomartinezclinicadental.com\/wp-content\/uploads\/2024\/12\/fumar-mata.jpg","contentUrl":"https:\/\/antoniomartinezclinicadental.com\/wp-content\/uploads\/2024\/12\/fumar-mata.jpg","width":1920,"height":1080,"caption":"Salud Dental V\u00e9lez M\u00e1laga Tabaco"},{"@type":"BreadcrumbList","@id":"https:\/\/antoniomartinezclinicadental.com\/fr\/consequences-du-tabagisme-sur-la-sante-bucco-dentaire\/#breadcrumb","itemListElement":[{"@type":"ListItem","position":1,"name":"Home","item":"https:\/\/antoniomartinezclinicadental.com\/fr\/"},{"@type":"ListItem","position":2,"name":"Cons\u00e9quences du tabagisme sur la sant\u00e9 bucco-dentaire"}]},{"@type":"WebSite","@id":"https:\/\/antoniomartinezclinicadental.com\/fr\/#website","url":"https:\/\/antoniomartinezclinicadental.com\/fr\/","name":"Antonio Martinez Cl\u00ednica Dental","description":"Dentista en V\u00e9lez-M\u00e1laga","publisher":{"@id":"https:\/\/antoniomartinezclinicadental.com\/fr\/#organization"},"potentialAction":[{"@type":"SearchAction","target":{"@type":"EntryPoint","urlTemplate":"https:\/\/antoniomartinezclinicadental.com\/fr\/?s={search_term_string}"},"query-input":{"@type":"PropertyValueSpecification","valueRequired":true,"valueName":"search_term_string"}}],"inLanguage":"fr-FR"},{"@type":"Organization","@id":"https:\/\/antoniomartinezclinicadental.com\/fr\/#organization","name":"Antonio Martinez Cl\u00ednica Dental","url":"https:\/\/antoniomartinezclinicadental.com\/fr\/","logo":{"@type":"ImageObject","inLanguage":"fr-FR","@id":"https:\/\/antoniomartinezclinicadental.com\/fr\/#\/schema\/logo\/image\/","url":"https:\/\/antoniomartinezclinicadental.com\/wp-content\/uploads\/2025\/02\/logosinfondo.webp","contentUrl":"https:\/\/antoniomartinezclinicadental.com\/wp-content\/uploads\/2025\/02\/logosinfondo.webp","width":533,"height":69,"caption":"Antonio Martinez Cl\u00ednica Dental"},"image":{"@id":"https:\/\/antoniomartinezclinicadental.com\/fr\/#\/schema\/logo\/image\/"},"sameAs":["https:\/\/www.facebook.com\/p\/Clinica-Dental-Antonio-Martinez-100066372022427\/?locale=es_ES","https:\/\/www.instagram.com\/antoniomartinezclinicadental\/?igsh=MTI2OGtxaDhweHJnbA#"]},{"@type":"Person","@id":"https:\/\/antoniomartinezclinicadental.com\/fr\/#\/schema\/person\/fb6e7a180c0e5f3ecf01865e4eb90dab","name":"antoniomartinezclinicadental@gmail.com","image":{"@type":"ImageObject","inLanguage":"fr-FR","@id":"https:\/\/secure.gravatar.com\/avatar\/289578bf111a774cdf3c4192ddc7b6d5dde7a4dbc654e0cd5b52d050c0f3896d?s=96&d=mm&r=g","url":"https:\/\/secure.gravatar.com\/avatar\/289578bf111a774cdf3c4192ddc7b6d5dde7a4dbc654e0cd5b52d050c0f3896d?s=96&d=mm&r=g","contentUrl":"https:\/\/secure.gravatar.com\/avatar\/289578bf111a774cdf3c4192ddc7b6d5dde7a4dbc654e0cd5b52d050c0f3896d?s=96&d=mm&r=g","caption":"antoniomartinezclinicadental@gmail.com"},"sameAs":["https:\/\/antoniomartinezclinicadental.com"],"url":"https:\/\/antoniomartinezclinicadental.com\/fr\/author\/antoniomartinezclinicadentalgmail-com\/"}]}},"_links":{"self":[{"href":"https:\/\/antoniomartinezclinicadental.com\/fr\/wp-json\/wp\/v2\/posts\/14807","targetHints":{"allow":["GET"]}}],"collection":[{"href":"https:\/\/antoniomartinezclinicadental.com\/fr\/wp-json\/wp\/v2\/posts"}],"about":[{"href":"https:\/\/antoniomartinezclinicadental.com\/fr\/wp-json\/wp\/v2\/types\/post"}],"author":[{"embeddable":true,"href":"https:\/\/antoniomartinezclinicadental.com\/fr\/wp-json\/wp\/v2\/users\/1"}],"replies":[{"embeddable":true,"href":"https:\/\/antoniomartinezclinicadental.com\/fr\/wp-json\/wp\/v2\/comments?post=14807"}],"version-history":[{"count":1,"href":"https:\/\/antoniomartinezclinicadental.com\/fr\/wp-json\/wp\/v2\/posts\/14807\/revisions"}],"predecessor-version":[{"id":14816,"href":"https:\/\/antoniomartinezclinicadental.com\/fr\/wp-json\/wp\/v2\/posts\/14807\/revisions\/14816"}],"wp:featuredmedia":[{"embeddable":true,"href":"https:\/\/antoniomartinezclinicadental.com\/fr\/wp-json\/wp\/v2\/media\/14811"}],"wp:attachment":[{"href":"https:\/\/antoniomartinezclinicadental.com\/fr\/wp-json\/wp\/v2\/media?parent=14807"}],"wp:term":[{"taxonomy":"category","embeddable":true,"href":"https:\/\/antoniomartinezclinicadental.com\/fr\/wp-json\/wp\/v2\/categories?post=14807"},{"taxonomy":"post_tag","embeddable":true,"href":"https:\/\/antoniomartinezclinicadental.com\/fr\/wp-json\/wp\/v2\/tags?post=14807"}],"curies":[{"name":"wp","href":"https:\/\/api.w.org\/{rel}","templated":true}]}}