{"id":14795,"date":"2024-12-16T08:28:33","date_gmt":"2024-12-16T08:28:33","guid":{"rendered":"https:\/\/antoniomartinezclinicadental.com\/die-folgen-des-rauchens-fuer-die-mundgesundheit\/"},"modified":"2025-11-24T17:49:49","modified_gmt":"2025-11-24T17:49:49","slug":"die-folgen-des-rauchens-fuer-die-mundgesundheit","status":"publish","type":"post","link":"https:\/\/antoniomartinezclinicadental.com\/de\/die-folgen-des-rauchens-fuer-die-mundgesundheit\/","title":{"rendered":"Die Folgen des Rauchens f\u00fcr die Mundgesundheit"},"content":{"rendered":"\t\t<div data-elementor-type=\"wp-post\" data-elementor-id=\"14795\" class=\"elementor elementor-14795 elementor-1992\" data-elementor-post-type=\"post\">\n\t\t\t\t<div class=\"elementor-element elementor-element-a97b17c e-flex e-con-boxed e-con e-parent\" data-id=\"a97b17c\" data-element_type=\"container\" data-e-type=\"container\">\n\t\t\t\t\t<div class=\"e-con-inner\">\n\t\t\t\t<div class=\"elementor-element elementor-element-a849dc2 elementor-widget elementor-widget-image\" data-id=\"a849dc2\" data-element_type=\"widget\" data-e-type=\"widget\" data-widget_type=\"image.default\">\n\t\t\t\t<div class=\"elementor-widget-container\">\n\t\t\t\t\t\t\t\t\t\t\t\t\t\t\t<img fetchpriority=\"high\" decoding=\"async\" width=\"800\" height=\"460\" src=\"https:\/\/antoniomartinezclinicadental.com\/wp-content\/uploads\/2024\/12\/Dejar-de-fumar.jpg\" class=\"attachment-large size-large wp-image-14799\" alt=\"Salud Dental V\u00e9lez M\u00e1laga Tabaco\" srcset=\"https:\/\/antoniomartinezclinicadental.com\/wp-content\/uploads\/2024\/12\/Dejar-de-fumar.jpg 1000w, https:\/\/antoniomartinezclinicadental.com\/wp-content\/uploads\/2024\/12\/Dejar-de-fumar-300x173.jpg 300w, https:\/\/antoniomartinezclinicadental.com\/wp-content\/uploads\/2024\/12\/Dejar-de-fumar-768x442.jpg 768w\" sizes=\"(max-width: 800px) 100vw, 800px\" \/>\t\t\t\t\t\t\t\t\t\t\t\t\t\t\t<\/div>\n\t\t\t\t<\/div>\n\t\t\t\t\t<\/div>\n\t\t\t\t<\/div>\n\t\t<div class=\"elementor-element elementor-element-f95a292 e-flex e-con-boxed e-con e-parent\" data-id=\"f95a292\" data-element_type=\"container\" data-e-type=\"container\">\n\t\t\t\t\t<div class=\"e-con-inner\">\n\t\t\t\t<div class=\"elementor-element elementor-element-982ca85 elementor-widget elementor-widget-text-editor\" data-id=\"982ca85\" data-element_type=\"widget\" data-e-type=\"widget\" data-widget_type=\"text-editor.default\">\n\t\t\t\t<div class=\"elementor-widget-container\">\n\t\t\t\t\t\t\t\t\t<h2 id=\"1-el-cancer-oral-uno-de-los-mayores-riesgos-de-fumar\">  1- Mundkrebs, eines der gr\u00f6\u00dften Risiken des Rauchens<\/h2>\t\t\t\t\t\t\t\t<\/div>\n\t\t\t\t<\/div>\n\t\t\t\t\t<\/div>\n\t\t\t\t<\/div>\n\t\t<div class=\"elementor-element elementor-element-f14f35a e-flex e-con-boxed e-con e-parent\" data-id=\"f14f35a\" data-element_type=\"container\" data-e-type=\"container\">\n\t\t\t\t\t<div class=\"e-con-inner\">\n\t\t\t\t<div class=\"elementor-element elementor-element-c3086c9 elementor-widget elementor-widget-text-editor\" data-id=\"c3086c9\" data-element_type=\"widget\" data-e-type=\"widget\" data-widget_type=\"text-editor.default\">\n\t\t\t\t<div class=\"elementor-widget-container\">\n\t\t\t\t\t\t\t\t\t<p>Mundh\u00f6hlenkrebs tritt auf, wenn <strong>sich ein b\u00f6sartiger Tumor in einer der Strukturen der Mundh\u00f6hle entwickelt<\/strong>, z. B. in den Schleimh\u00e4uten, dem Gaumen, der Zunge, der Lippe, dem Zahnfleisch oder den Knochen. Krebs entsteht, wenn Karzinogene auf Zellen einwirken und deren genetisches Material ver\u00e4ndern, was zu einer Mutation f\u00fchrt. Diese gesch\u00e4digten Zellen k\u00f6nnen sich im K\u00f6rper \u00fcberm\u00e4\u00dfig teilen und vermehren. Obwohl es mehrere Ausl\u00f6ser f\u00fcr diese Krankheit gibt,<strong> sind 8 von 10 Patienten mit Mundkrebs regelm\u00e4\u00dfige Raucher.<\/strong>   <\/p>\t\t\t\t\t\t\t\t<\/div>\n\t\t\t\t<\/div>\n\t\t\t\t\t<\/div>\n\t\t\t\t<\/div>\n\t\t<div class=\"elementor-element elementor-element-2cdd29f e-flex e-con-boxed e-con e-parent\" data-id=\"2cdd29f\" data-element_type=\"container\" data-e-type=\"container\">\n\t\t\t\t\t<div class=\"e-con-inner\">\n\t\t\t\t<div class=\"elementor-element elementor-element-341b55d elementor-widget elementor-widget-text-editor\" data-id=\"341b55d\" data-element_type=\"widget\" data-e-type=\"widget\" data-widget_type=\"text-editor.default\">\n\t\t\t\t<div class=\"elementor-widget-container\">\n\t\t\t\t\t\t\t\t\t<h2>  2- Tabak und sein Zusammenhang mit Parodontalerkrankungen<\/h2>\t\t\t\t\t\t\t\t<\/div>\n\t\t\t\t<\/div>\n\t\t\t\t\t<\/div>\n\t\t\t\t<\/div>\n\t\t<div class=\"elementor-element elementor-element-4fbf9f3 e-flex e-con-boxed e-con e-parent\" data-id=\"4fbf9f3\" data-element_type=\"container\" data-e-type=\"container\">\n\t\t\t\t\t<div class=\"e-con-inner\">\n\t\t\t\t<div class=\"elementor-element elementor-element-b00471d elementor-widget elementor-widget-text-editor\" data-id=\"b00471d\" data-element_type=\"widget\" data-e-type=\"widget\" data-widget_type=\"text-editor.default\">\n\t\t\t\t<div class=\"elementor-widget-container\">\n\t\t\t\t\t\t\t\t\t<p>Die Parodontitis <strong>ist eine Erkrankung, die den St\u00fctzapparat der Z\u00e4hne<\/strong>, wie das Zahnfleisch, den Knochen und das parodontale Ligament, <strong>betrifft<\/strong>. Wir sprechen von Gingivitis, wenn das Zahnfleisch entz\u00fcndet ist, der Knochen aber nicht besch\u00e4digt ist. Liegt hingegen ein Knochenschwund vor, sprechen wir von einer Parodontitis, die in fortgeschrittenen F\u00e4llen zum Zahnverlust f\u00fchren kann. In der Tat ist Parodontitis die h\u00e4ufigste Ursache f\u00fcr Zahnverlust bei Erwachsenen, noch vor Karies. Obwohl die Parodontitis<g id=\"gid_1\"> einen wichtigen genetischen Faktor hat, kann sie<\/g> durch verschiedene Faktoren wie das Rauchen<g id=\"gid_1\"> noch verst\u00e4rkt werden<\/g>. Laut der <g id=\"gid_2\">NHANES-Studie<\/g> ist die Wahrscheinlichkeit, an Parodontitis zu erkranken, bei Rauchern viermal h\u00f6her. Au\u00dferdem kann das Rauchen aufgrund seiner gef\u00e4\u00dfverengenden Wirkung ein Warnzeichen f\u00fcr eine aktive Parodontitis wie Zahnfleischbluten und geschwollenes Zahnfleisch \u00fcberdecken.      <\/p>\t\t\t\t\t\t\t\t<\/div>\n\t\t\t\t<\/div>\n\t\t\t\t\t<\/div>\n\t\t\t\t<\/div>\n\t\t<div class=\"elementor-element elementor-element-b762033 e-flex e-con-boxed e-con e-parent\" data-id=\"b762033\" data-element_type=\"container\" data-e-type=\"container\">\n\t\t\t\t\t<div class=\"e-con-inner\">\n\t\t\t\t<div class=\"elementor-element elementor-element-2a2ce94 elementor-widget elementor-widget-text-editor\" data-id=\"2a2ce94\" data-element_type=\"widget\" data-e-type=\"widget\" data-widget_type=\"text-editor.default\">\n\t\t\t\t<div class=\"elementor-widget-container\">\n\t\t\t\t\t\t\t\t\t<h2>  3- Raucher haben ein h\u00f6heres Risiko f\u00fcr Infektionen und eine schlechtere Wundheilung.<\/h2>\t\t\t\t\t\t\t\t<\/div>\n\t\t\t\t<\/div>\n\t\t\t\t\t<\/div>\n\t\t\t\t<\/div>\n\t\t<div class=\"elementor-element elementor-element-f37a0aa e-flex e-con-boxed e-con e-parent\" data-id=\"f37a0aa\" data-element_type=\"container\" data-e-type=\"container\">\n\t\t\t\t\t<div class=\"e-con-inner\">\n\t\t\t\t<div class=\"elementor-element elementor-element-599bd97 elementor-widget elementor-widget-text-editor\" data-id=\"599bd97\" data-element_type=\"widget\" data-e-type=\"widget\" data-widget_type=\"text-editor.default\">\n\t\t\t\t<div class=\"elementor-widget-container\">\n\t\t\t\t\t\t\t\t\t<p><span style=\"color: #515050; font-family: Futura, 'Open Sans', sans-serif; text-align: justify;\">Die Wirkung von Nikotin im Mund f\u00fchrt zu einer verminderten Blutzufuhr zu den Geweben und damit zu <\/span><span style=\"font-weight: 600; color: #515050; font-family: Futura, 'Open Sans', sans-serif; text-align: justify;\">einer verminderten Blutzufuhr zu den Geweben und damit zu einer verminderten Zufuhr von Sauerstoff und wei\u00dfen Blutk\u00f6rperchen.<\/span><span style=\"color: #515050; font-family: Futura, 'Open Sans', sans-serif; text-align: justify;\"> <\/span><span style=\"font-weight: 600; color: #515050; font-family: Futura, 'Open Sans', sans-serif; text-align: justify;\">wei\u00dfe Blutk\u00f6rperchen <\/span><span style=\"color: #515050; font-family: Futura, 'Open Sans', sans-serif; text-align: justify;\">die m\u00f6gliche Infektionen bek\u00e4mpfen k\u00f6nnen. Es ist auch erwiesen, dass Raucher nach oralchirurgischen Eingriffen zu einer langsameren Heilung neigen.<\/span><\/p>\t\t\t\t\t\t\t\t<\/div>\n\t\t\t\t<\/div>\n\t\t\t\t\t<\/div>\n\t\t\t\t<\/div>\n\t\t<div class=\"elementor-element elementor-element-de9272f e-flex e-con-boxed e-con e-parent\" data-id=\"de9272f\" data-element_type=\"container\" data-e-type=\"container\">\n\t\t\t\t\t<div class=\"e-con-inner\">\n\t\t\t\t<div class=\"elementor-element elementor-element-64cc54a elementor-widget elementor-widget-text-editor\" data-id=\"64cc54a\" data-element_type=\"widget\" data-e-type=\"widget\" data-widget_type=\"text-editor.default\">\n\t\t\t\t<div class=\"elementor-widget-container\">\n\t\t\t\t\t\t\t\t\t<h2>  4- Zahnalveolitis: eine schmerzhafte Infektion, die eng mit dem Rauchen verbunden ist.<\/h2>\t\t\t\t\t\t\t\t<\/div>\n\t\t\t\t<\/div>\n\t\t\t\t\t<\/div>\n\t\t\t\t<\/div>\n\t\t<div class=\"elementor-element elementor-element-0790223 e-flex e-con-boxed e-con e-parent\" data-id=\"0790223\" data-element_type=\"container\" data-e-type=\"container\">\n\t\t\t\t\t<div class=\"e-con-inner\">\n\t\t\t\t<div class=\"elementor-element elementor-element-8620e38 elementor-widget elementor-widget-text-editor\" data-id=\"8620e38\" data-element_type=\"widget\" data-e-type=\"widget\" data-widget_type=\"text-editor.default\">\n\t\t\t\t<div class=\"elementor-widget-container\">\n\t\t\t\t\t\t\t\t\t<p>Nach einer Zahnextraktion bildet sich im Mund ein Gerinnsel in der Zahnh\u00f6hle, das die Heilung und Geweberegeneration f\u00f6rdert. In manchen F\u00e4llen <strong>bildet sich dieses Gerinnsel<\/strong> jedoch <strong>nicht oder nicht richtig<\/strong> und verursacht eine sehr schmerzhafte Infektion, die als Alveolitis bekannt ist. Einer der Hauptgr\u00fcnde daf\u00fcr, dass diese Heilung nicht richtig abl\u00e4uft, ist das Rauchen, da die nikotinhaltige Substanz die Blutgef\u00e4\u00dfe verengt und so die Blutversorgung der Alveole minimiert.  <\/p><div class=\"embed-responsive embed-responsive-16by9 youtube\"> <\/div>\t\t\t\t\t\t\t\t<\/div>\n\t\t\t\t<\/div>\n\t\t\t\t\t<\/div>\n\t\t\t\t<\/div>\n\t\t<div class=\"elementor-element elementor-element-973640f e-flex e-con-boxed e-con e-parent\" data-id=\"973640f\" data-element_type=\"container\" data-e-type=\"container\">\n\t\t\t\t\t<div class=\"e-con-inner\">\n\t\t\t\t<div class=\"elementor-element elementor-element-39d5527 elementor-widget elementor-widget-image\" data-id=\"39d5527\" data-element_type=\"widget\" data-e-type=\"widget\" data-widget_type=\"image.default\">\n\t\t\t\t<div class=\"elementor-widget-container\">\n\t\t\t\t\t\t\t\t\t\t\t\t\t\t\t<img decoding=\"async\" width=\"800\" height=\"723\" src=\"https:\/\/antoniomartinezclinicadental.com\/wp-content\/uploads\/2024\/12\/Foto_beneficios_referenciada-1024x925.png\" class=\"attachment-large size-large wp-image-14798\" alt=\"Salud Dental V\u00e9lez M\u00e1laga Tabaco\" srcset=\"https:\/\/antoniomartinezclinicadental.com\/wp-content\/uploads\/2024\/12\/Foto_beneficios_referenciada-1024x925.png 1024w, https:\/\/antoniomartinezclinicadental.com\/wp-content\/uploads\/2024\/12\/Foto_beneficios_referenciada-300x271.png 300w, https:\/\/antoniomartinezclinicadental.com\/wp-content\/uploads\/2024\/12\/Foto_beneficios_referenciada-768x694.png 768w, https:\/\/antoniomartinezclinicadental.com\/wp-content\/uploads\/2024\/12\/Foto_beneficios_referenciada.png 1200w\" sizes=\"(max-width: 800px) 100vw, 800px\" \/>\t\t\t\t\t\t\t\t\t\t\t\t\t\t\t<\/div>\n\t\t\t\t<\/div>\n\t\t\t\t\t<\/div>\n\t\t\t\t<\/div>\n\t\t<div class=\"elementor-element elementor-element-c8acaa8 e-flex e-con-boxed e-con e-parent\" data-id=\"c8acaa8\" data-element_type=\"container\" data-e-type=\"container\">\n\t\t\t\t\t<div class=\"e-con-inner\">\n\t\t\t\t<div class=\"elementor-element elementor-element-3806c73 elementor-widget elementor-widget-text-editor\" data-id=\"3806c73\" data-element_type=\"widget\" data-e-type=\"widget\" data-widget_type=\"text-editor.default\">\n\t\t\t\t<div class=\"elementor-widget-container\">\n\t\t\t\t\t\t\t\t\t<h2>  5- Haben Sie Zahnimplantate? Rauchen kann deren Verlust verursachen <\/h2>\t\t\t\t\t\t\t\t<\/div>\n\t\t\t\t<\/div>\n\t\t\t\t\t<\/div>\n\t\t\t\t<\/div>\n\t\t<div class=\"elementor-element elementor-element-4a8c05e e-flex e-con-boxed e-con e-parent\" data-id=\"4a8c05e\" data-element_type=\"container\" data-e-type=\"container\">\n\t\t\t\t\t<div class=\"e-con-inner\">\n\t\t\t\t<div class=\"elementor-element elementor-element-a90985b elementor-widget elementor-widget-text-editor\" data-id=\"a90985b\" data-element_type=\"widget\" data-e-type=\"widget\" data-widget_type=\"text-editor.default\">\n\t\t\t\t<div class=\"elementor-widget-container\">\n\t\t\t\t\t\t\t\t\t<p>Zahnimplantate sind Titanaufs\u00e4tze, die dort, wo keine Z\u00e4hne vorhanden sind, als &#8222;k\u00fcnstliche Wurzeln&#8220; dienen, um festsitzenden Zahnersatz daran zu verankern. Obwohl sie normalerweise keine Probleme verursachen, gibt es<g id=\"gid_0\">einen entz\u00fcndlichen Prozess, der das Gewebe um ein Zahnimplantat herum angreift und zu dessen Verlust f\u00fchren kann.<\/g> Rauchen ist einer der Hauptrisikofaktoren f\u00fcr diese als Periimplantitis bezeichnete Infektion.  <\/p>\t\t\t\t\t\t\t\t<\/div>\n\t\t\t\t<\/div>\n\t\t\t\t\t<\/div>\n\t\t\t\t<\/div>\n\t\t<div class=\"elementor-element elementor-element-a2a3b5e e-flex e-con-boxed e-con e-parent\" data-id=\"a2a3b5e\" data-element_type=\"container\" data-e-type=\"container\">\n\t\t\t\t\t<div class=\"e-con-inner\">\n\t\t\t\t<div class=\"elementor-element elementor-element-43828f4 elementor-widget elementor-widget-text-editor\" data-id=\"43828f4\" data-element_type=\"widget\" data-e-type=\"widget\" data-widget_type=\"text-editor.default\">\n\t\t\t\t<div class=\"elementor-widget-container\">\n\t\t\t\t\t\t\t\t\t<h2>  6- Zigaretten verursachen Xerostomie<\/h2>\t\t\t\t\t\t\t\t<\/div>\n\t\t\t\t<\/div>\n\t\t\t\t\t<\/div>\n\t\t\t\t<\/div>\n\t\t<div class=\"elementor-element elementor-element-d58ceff e-flex e-con-boxed e-con e-parent\" data-id=\"d58ceff\" data-element_type=\"container\" data-e-type=\"container\">\n\t\t\t\t\t<div class=\"e-con-inner\">\n\t\t\t\t<div class=\"elementor-element elementor-element-a32b5fe elementor-widget elementor-widget-text-editor\" data-id=\"a32b5fe\" data-element_type=\"widget\" data-e-type=\"widget\" data-widget_type=\"text-editor.default\">\n\t\t\t\t<div class=\"elementor-widget-container\">\n\t\t\t\t\t\t\t\t\t<p>Xerostomie oder Mundtrockenheit, d.h. ein unzureichender Speichelfluss, hat viele negative Folgen f\u00fcr die Mundgesundheit. Der Speichel wirkt gegen pathogene Organismen und ist ein wichtiger Verb\u00fcndeter bei der Reinigung und dem Schutz von Z\u00e4hnen und Zahnfleisch. <strong>Rauchen verursacht<\/strong> jedoch <strong>Mundtrockenheit<\/strong>, die uns u.a. anf\u00e4lliger f\u00fcr Karies macht.  <\/p>\t\t\t\t\t\t\t\t<\/div>\n\t\t\t\t<\/div>\n\t\t\t\t\t<\/div>\n\t\t\t\t<\/div>\n\t\t<div class=\"elementor-element elementor-element-863f6dc e-flex e-con-boxed e-con e-parent\" data-id=\"863f6dc\" data-element_type=\"container\" data-e-type=\"container\">\n\t\t\t\t\t<div class=\"e-con-inner\">\n\t\t\t\t<div class=\"elementor-element elementor-element-7e1e446 elementor-widget elementor-widget-image\" data-id=\"7e1e446\" data-element_type=\"widget\" data-e-type=\"widget\" data-widget_type=\"image.default\">\n\t\t\t\t<div class=\"elementor-widget-container\">\n\t\t\t\t\t\t\t\t\t\t\t\t\t\t\t<img decoding=\"async\" width=\"800\" height=\"773\" src=\"https:\/\/antoniomartinezclinicadental.com\/wp-content\/uploads\/2024\/12\/Xerostomia-1024x990.jpg\" class=\"attachment-large size-large wp-image-14800\" alt=\"Salud Dental V\u00e9lez M\u00e1laga Tabaco\" srcset=\"https:\/\/antoniomartinezclinicadental.com\/wp-content\/uploads\/2024\/12\/Xerostomia-1024x990.jpg 1024w, https:\/\/antoniomartinezclinicadental.com\/wp-content\/uploads\/2024\/12\/Xerostomia-300x290.jpg 300w, https:\/\/antoniomartinezclinicadental.com\/wp-content\/uploads\/2024\/12\/Xerostomia-768x743.jpg 768w, https:\/\/antoniomartinezclinicadental.com\/wp-content\/uploads\/2024\/12\/Xerostomia.jpg 1063w\" sizes=\"(max-width: 800px) 100vw, 800px\" \/>\t\t\t\t\t\t\t\t\t\t\t\t\t\t\t<\/div>\n\t\t\t\t<\/div>\n\t\t\t\t\t<\/div>\n\t\t\t\t<\/div>\n\t\t<div class=\"elementor-element elementor-element-677d16c e-flex e-con-boxed e-con e-parent\" data-id=\"677d16c\" data-element_type=\"container\" data-e-type=\"container\">\n\t\t\t\t\t<div class=\"e-con-inner\">\n\t\t\t\t<div class=\"elementor-element elementor-element-9f7e545 elementor-widget elementor-widget-text-editor\" data-id=\"9f7e545\" data-element_type=\"widget\" data-e-type=\"widget\" data-widget_type=\"text-editor.default\">\n\t\t\t\t<div class=\"elementor-widget-container\">\n\t\t\t\t\t\t\t\t\t<h2>7- Zahnkaries<\/h2>\t\t\t\t\t\t\t\t<\/div>\n\t\t\t\t<\/div>\n\t\t\t\t\t<\/div>\n\t\t\t\t<\/div>\n\t\t<div class=\"elementor-element elementor-element-3b21449 e-flex e-con-boxed e-con e-parent\" data-id=\"3b21449\" data-element_type=\"container\" data-e-type=\"container\">\n\t\t\t\t\t<div class=\"e-con-inner\">\n\t\t\t\t<div class=\"elementor-element elementor-element-2a538b8 elementor-widget elementor-widget-text-editor\" data-id=\"2a538b8\" data-element_type=\"widget\" data-e-type=\"widget\" data-widget_type=\"text-editor.default\">\n\t\t\t\t<div class=\"elementor-widget-container\">\n\t\t\t\t\t\t\t\t\t<p>Zahnkaries ist eine Infektionskrankheit, die durch Bakterien im Mund verursacht wird. Zahnhygiene und <strong>ein korrekter Speichelfluss sind unerl\u00e4sslich, um die Entwicklung und Aktivit\u00e4t dieser Bakterien zu kontrollieren<\/strong>.   <\/p>\t\t\t\t\t\t\t\t<\/div>\n\t\t\t\t<\/div>\n\t\t\t\t\t<\/div>\n\t\t\t\t<\/div>\n\t\t<div class=\"elementor-element elementor-element-89f9df8 e-flex e-con-boxed e-con e-parent\" data-id=\"89f9df8\" data-element_type=\"container\" data-e-type=\"container\">\n\t\t\t\t\t<div class=\"e-con-inner\">\n\t\t\t\t<div class=\"elementor-element elementor-element-060250e elementor-widget elementor-widget-text-editor\" data-id=\"060250e\" data-element_type=\"widget\" data-e-type=\"widget\" data-widget_type=\"text-editor.default\">\n\t\t\t\t<div class=\"elementor-widget-container\">\n\t\t\t\t\t\t\t\t\t<h2 style=\"text-align: left;\">8- Rauchen verursacht Mundgeruch<\/h2>\t\t\t\t\t\t\t\t<\/div>\n\t\t\t\t<\/div>\n\t\t\t\t\t<\/div>\n\t\t\t\t<\/div>\n\t\t<div class=\"elementor-element elementor-element-90bfdd9 e-flex e-con-boxed e-con e-parent\" data-id=\"90bfdd9\" data-element_type=\"container\" data-e-type=\"container\">\n\t\t\t\t\t<div class=\"e-con-inner\">\n\t\t\t\t<div class=\"elementor-element elementor-element-3507e3a elementor-widget elementor-widget-text-editor\" data-id=\"3507e3a\" data-element_type=\"widget\" data-e-type=\"widget\" data-widget_type=\"text-editor.default\">\n\t\t\t\t<div class=\"elementor-widget-container\">\n\t\t\t\t\t\t\t\t\t<p>Halitosis ist der Zustand von schlechtem Atem. <strong>Speichelmangel ist eine der Hauptursachen f\u00fcr dieses Problem, aber auch der Geruch des Tabaks selbst verst\u00e4rkt es<\/strong>. Dar\u00fcber hinaus reizt Tabak die Schleimh\u00e4ute des Mundes und der Atemwege, verhindert die richtige Sauerstoffzufuhr und beeintr\u00e4chtigt so den Atem. <\/p>\t\t\t\t\t\t\t\t<\/div>\n\t\t\t\t<\/div>\n\t\t\t\t\t<\/div>\n\t\t\t\t<\/div>\n\t\t<div class=\"elementor-element elementor-element-21d1b48 e-flex e-con-boxed e-con e-parent\" data-id=\"21d1b48\" data-element_type=\"container\" data-e-type=\"container\">\n\t\t\t\t\t<div class=\"e-con-inner\">\n\t\t\t\t<div class=\"elementor-element elementor-element-e93669a elementor-widget elementor-widget-text-editor\" data-id=\"e93669a\" data-element_type=\"widget\" data-e-type=\"widget\" data-widget_type=\"text-editor.default\">\n\t\t\t\t<div class=\"elementor-widget-container\">\n\t\t\t\t\t\t\t\t\t<h2 style=\"text-align: left;\">9- Flecken und gelbe Z\u00e4hne: ein h\u00e4ufiges Problem bei Rauchern<\/h2>\t\t\t\t\t\t\t\t<\/div>\n\t\t\t\t<\/div>\n\t\t\t\t\t<\/div>\n\t\t\t\t<\/div>\n\t\t<div class=\"elementor-element elementor-element-fdf7b4d e-flex e-con-boxed e-con e-parent\" data-id=\"fdf7b4d\" data-element_type=\"container\" data-e-type=\"container\">\n\t\t\t\t\t<div class=\"e-con-inner\">\n\t\t\t\t<div class=\"elementor-element elementor-element-2b5aece elementor-widget elementor-widget-text-editor\" data-id=\"2b5aece\" data-element_type=\"widget\" data-e-type=\"widget\" data-widget_type=\"text-editor.default\">\n\t\t\t\t<div class=\"elementor-widget-container\">\n\t\t\t\t\t\t\t\t\t<p>Um die urspr\u00fcngliche Farbe der Z\u00e4hne zu erhalten, sind eine sorgf\u00e4ltige Zahnpflege und regelm\u00e4\u00dfige Besuche beim Zahnarzt erforderlich. Bei Rauchern ist diese Notwendigkeit sogar noch gr\u00f6\u00dfer, denn <strong>das in Zigaretten enthaltene Nikotin und der Teer lagern sich auf der Zahnoberfl\u00e4che ab<\/strong>und k\u00f6nnen in die Dentintubuli eindringen und diese verf\u00e4rben und vergilben. <\/p>\t\t\t\t\t\t\t\t<\/div>\n\t\t\t\t<\/div>\n\t\t\t\t\t<\/div>\n\t\t\t\t<\/div>\n\t\t<div class=\"elementor-element elementor-element-e62d5a2 e-flex e-con-boxed e-con e-parent\" data-id=\"e62d5a2\" data-element_type=\"container\" data-e-type=\"container\">\n\t\t\t\t\t<div class=\"e-con-inner\">\n\t\t\t\t<div class=\"elementor-element elementor-element-b292bbd elementor-widget elementor-widget-text-editor\" data-id=\"b292bbd\" data-element_type=\"widget\" data-e-type=\"widget\" data-widget_type=\"text-editor.default\">\n\t\t\t\t<div class=\"elementor-widget-container\">\n\t\t\t\t\t\t\t\t\t<h2 style=\"text-align: left;\">10- Mundpilz und andere L\u00e4sionen der Mundschleimhaut<\/h2>\t\t\t\t\t\t\t\t<\/div>\n\t\t\t\t<\/div>\n\t\t\t\t\t<\/div>\n\t\t\t\t<\/div>\n\t\t<div class=\"elementor-element elementor-element-d9913fa e-flex e-con-boxed e-con e-parent\" data-id=\"d9913fa\" data-element_type=\"container\" data-e-type=\"container\">\n\t\t\t\t\t<div class=\"e-con-inner\">\n\t\t\t\t<div class=\"elementor-element elementor-element-9ffc9ec elementor-widget elementor-widget-text-editor\" data-id=\"9ffc9ec\" data-element_type=\"widget\" data-e-type=\"widget\" data-widget_type=\"text-editor.default\">\n\t\t\t\t<div class=\"elementor-widget-container\">\n\t\t\t\t\t\t\t\t\t<p>Eine weitere negative Folge des Rauchens ist, dass es die orale Mikroflora ver\u00e4ndert, was <strong>die Entwicklung von Pilzen im Mund wie Candidose oder Schleimhautl\u00e4sionen<\/strong> wie Pemphigus, Leukoplakie oder Lichen planus <strong>beg\u00fcnstigt<\/strong>, die wiederum ein b\u00f6sartiges Risiko f\u00fcr die Entstehung von Mundkrebs haben k\u00f6nnen.<\/p>\t\t\t\t\t\t\t\t<\/div>\n\t\t\t\t<\/div>\n\t\t\t\t\t<\/div>\n\t\t\t\t<\/div>\n\t\t<div class=\"elementor-element elementor-element-1c115a2 e-flex e-con-boxed e-con e-parent\" data-id=\"1c115a2\" data-element_type=\"container\" data-e-type=\"container\">\n\t\t\t\t\t<div class=\"e-con-inner\">\n\t\t\t\t<div class=\"elementor-element elementor-element-dc3313d elementor-widget elementor-widget-text-editor\" data-id=\"dc3313d\" data-element_type=\"widget\" data-e-type=\"widget\" data-widget_type=\"text-editor.default\">\n\t\t\t\t<div class=\"elementor-widget-container\">\n\t\t\t\t\t\t\t\t\t<h2 id=\"11-efectos-en-la-piel\">11- Auswirkungen auf die Haut<\/h2>\t\t\t\t\t\t\t\t<\/div>\n\t\t\t\t<\/div>\n\t\t\t\t\t<\/div>\n\t\t\t\t<\/div>\n\t\t<div class=\"elementor-element elementor-element-0953096 e-flex e-con-boxed e-con e-parent\" data-id=\"0953096\" data-element_type=\"container\" data-e-type=\"container\">\n\t\t\t\t\t<div class=\"e-con-inner\">\n\t\t\t\t<div class=\"elementor-element elementor-element-c38b0fd elementor-widget elementor-widget-text-editor\" data-id=\"c38b0fd\" data-element_type=\"widget\" data-e-type=\"widget\" data-widget_type=\"text-editor.default\">\n\t\t\t\t<div class=\"elementor-widget-container\">\n\t\t\t\t\t\t\t\t\t<p>Die Auswirkungen des Rauchens auf das Aussehen und die Gesundheit der Haut sind allgemein bekannt, denn anhaltendes Rauchen f\u00fchrt zu vorzeitiger Hautalterung. Aber dar\u00fcber hinaus <strong>k\u00f6nnen regelm\u00e4\u00dfige Raucher<\/strong> auch <strong>unter dem so genannten &#8222;Barcode&#8220; leiden<\/strong>, der sich um die Lippen, insbesondere die Oberlippe, bildet. Dies ist auf eine Faltung des Lippenepithels zur\u00fcckzuf\u00fchren, die sich durch die st\u00e4ndige Stimulation des Orbicularis-Oris-Muskels, den wir bei Handlungen wie K\u00fcssen, Pfeifen oder Saugen am Zigarettenrauch einsetzen, schlie\u00dflich in eine Falte verwandelt, weshalb sie auch als Rauchermund bekannt ist.  <\/p>\t\t\t\t\t\t\t\t<\/div>\n\t\t\t\t<\/div>\n\t\t\t\t\t<\/div>\n\t\t\t\t<\/div>\n\t\t<div class=\"elementor-element elementor-element-c782806 e-flex e-con-boxed e-con e-parent\" data-id=\"c782806\" data-element_type=\"container\" data-e-type=\"container\">\n\t\t\t\t\t<div class=\"e-con-inner\">\n\t\t\t\t<div class=\"elementor-element elementor-element-59d748b elementor-widget elementor-widget-text-editor\" data-id=\"59d748b\" data-element_type=\"widget\" data-e-type=\"widget\" data-widget_type=\"text-editor.default\">\n\t\t\t\t<div class=\"elementor-widget-container\">\n\t\t\t\t\t\t\t\t\t<h2 id=\"12-el-tabaco-provoca-deterioro-del-gusto-y-el-olfato\">12- Tabak verursacht eine Verschlechterung von Geschmack und Geruch.<\/h2>\t\t\t\t\t\t\t\t<\/div>\n\t\t\t\t<\/div>\n\t\t\t\t\t<\/div>\n\t\t\t\t<\/div>\n\t\t<div class=\"elementor-element elementor-element-af22441 e-flex e-con-boxed e-con e-parent\" data-id=\"af22441\" data-element_type=\"container\" data-e-type=\"container\">\n\t\t\t\t\t<div class=\"e-con-inner\">\n\t\t\t\t<div class=\"elementor-element elementor-element-fb8c526 elementor-widget elementor-widget-text-editor\" data-id=\"fb8c526\" data-element_type=\"widget\" data-e-type=\"widget\" data-widget_type=\"text-editor.default\">\n\t\t\t\t<div class=\"elementor-widget-container\">\n\t\t\t\t\t\t\t\t\t<p>Die letzte Folge des Rauchens, die wir erw\u00e4hnen m\u00f6chten, ist, dass diese schlechte Angewohnheit auch den Geschmacks- und Geruchssinn beeintr\u00e4chtigt. Laut einer Studie der <a href=\"https:\/\/www.mouthhealthy.org\/en\/az-topics\/s\/smoking-and-tobacco\" target=\"_blank\" rel=\"noopener\">American Dental Association (ADA<\/a>) <strong>schr\u00e4nkt die Wirkung des Tabaks die Wahrnehmung von Ger\u00fcchen und Geschm\u00e4ckern ein<\/strong>.<\/p>\t\t\t\t\t\t\t\t<\/div>\n\t\t\t\t<\/div>\n\t\t\t\t\t<\/div>\n\t\t\t\t<\/div>\n\t\t<div class=\"elementor-element elementor-element-69519a1 e-flex e-con-boxed e-con e-parent\" data-id=\"69519a1\" data-element_type=\"container\" data-e-type=\"container\">\n\t\t\t\t\t<div class=\"e-con-inner\">\n\t\t\t\t<div class=\"elementor-element elementor-element-cb4e5e6 elementor-widget elementor-widget-text-editor\" data-id=\"cb4e5e6\" data-element_type=\"widget\" data-e-type=\"widget\" data-widget_type=\"text-editor.default\">\n\t\t\t\t<div class=\"elementor-widget-container\">\n\t\t\t\t\t\t\t\t\t<p><strong>Rauchen hat einen erheblichen und negativen Einfluss auf die Mundgesundheit und verursacht Probleme, die von verf\u00e4rbten Z\u00e4hnen und schlechtem Atem bis hin zu ernsten Krankheiten wie Parodontitis und Mundkrebs reichen. Diese Folgen beeintr\u00e4chtigen nicht nur das Aussehen Ihres L\u00e4chelns, sondern auch Ihr allgemeines Wohlbefinden. Mit dem Rauchen aufzuh\u00f6ren ist die beste Entscheidung, um Ihren Mund zu sch\u00fctzen, Komplikationen zu vermeiden und eine optimale Mundgesundheit zu genie\u00dfen &#8211; Ihr L\u00e4cheln wird es Ihnen danken!   <\/strong><\/p>\t\t\t\t\t\t\t\t<\/div>\n\t\t\t\t<\/div>\n\t\t\t\t\t<\/div>\n\t\t\t\t<\/div>\n\t\t<div class=\"elementor-element elementor-element-e3e9533 e-flex e-con-boxed e-con e-parent\" data-id=\"e3e9533\" data-element_type=\"container\" data-e-type=\"container\">\n\t\t\t\t\t<div class=\"e-con-inner\">\n\t\t\t\t<div class=\"elementor-element elementor-element-a985f85 elementor-widget elementor-widget-image\" data-id=\"a985f85\" data-element_type=\"widget\" data-e-type=\"widget\" data-widget_type=\"image.default\">\n\t\t\t\t<div class=\"elementor-widget-container\">\n\t\t\t\t\t\t\t\t\t\t\t\t\t\t\t<img loading=\"lazy\" decoding=\"async\" width=\"800\" height=\"450\" src=\"https:\/\/antoniomartinezclinicadental.com\/wp-content\/uploads\/2024\/12\/fumar-mata-1024x576.jpg\" class=\"attachment-large size-large wp-image-14801\" alt=\"Salud Dental V\u00e9lez M\u00e1laga Tabaco\" srcset=\"https:\/\/antoniomartinezclinicadental.com\/wp-content\/uploads\/2024\/12\/fumar-mata-1024x576.jpg 1024w, https:\/\/antoniomartinezclinicadental.com\/wp-content\/uploads\/2024\/12\/fumar-mata-300x169.jpg 300w, https:\/\/antoniomartinezclinicadental.com\/wp-content\/uploads\/2024\/12\/fumar-mata-768x432.jpg 768w, https:\/\/antoniomartinezclinicadental.com\/wp-content\/uploads\/2024\/12\/fumar-mata-1536x864.jpg 1536w, https:\/\/antoniomartinezclinicadental.com\/wp-content\/uploads\/2024\/12\/fumar-mata.jpg 1920w\" sizes=\"(max-width: 800px) 100vw, 800px\" \/>\t\t\t\t\t\t\t\t\t\t\t\t\t\t\t<\/div>\n\t\t\t\t<\/div>\n\t\t\t\t\t<\/div>\n\t\t\t\t<\/div>\n\t\t\t\t<\/div>\n\t\t","protected":false},"excerpt":{"rendered":"<p>Rauchen beeintr\u00e4chtigt nicht nur Ihre Lunge und Ihre allgemeine Gesundheit, sondern hat auch ernste Folgen f\u00fcr Ihre Mundgesundheit. Von einem erh\u00f6hten Mundkrebsrisiko bis hin zu Problemen wie Parodontitis, Infektionen nach Implantationen und Karies &#8211; Rauchen gef\u00e4hrdet die Gesundheit Ihrer Z\u00e4hne und Ihres Zahnfleisches. Finden Sie heraus, wie das Rauchen Ihr L\u00e4cheln sch\u00e4digen kann und welche Schritte Sie unternehmen k\u00f6nnen, um es zu sch\u00fctzen.  <\/p>\n","protected":false},"author":1,"featured_media":14801,"comment_status":"closed","ping_status":"open","sticky":false,"template":"","format":"standard","meta":{"footnotes":""},"categories":[36],"tags":[],"class_list":["post-14795","post","type-post","status-publish","format-standard","has-post-thumbnail","hentry","category-artikel"],"yoast_head":"<!-- This site is optimized with the Yoast SEO plugin v27.4 - https:\/\/yoast.com\/product\/yoast-seo-wordpress\/ -->\n<title>Die Folgen des Rauchens f\u00fcr die Mundgesundheit - Antonio Martinez Cl\u00ednica Dental<\/title>\n<meta name=\"robots\" content=\"index, follow, max-snippet:-1, max-image-preview:large, max-video-preview:-1\" \/>\n<link rel=\"canonical\" href=\"https:\/\/antoniomartinezclinicadental.com\/de\/die-folgen-des-rauchens-fuer-die-mundgesundheit\/\" \/>\n<meta property=\"og:locale\" content=\"de_DE\" \/>\n<meta property=\"og:type\" content=\"article\" \/>\n<meta property=\"og:title\" content=\"Die Folgen des Rauchens f\u00fcr die Mundgesundheit - Antonio Martinez Cl\u00ednica Dental\" \/>\n<meta property=\"og:description\" content=\"Rauchen beeintr\u00e4chtigt nicht nur Ihre Lunge und Ihre allgemeine Gesundheit, sondern hat auch ernste Folgen f\u00fcr Ihre Mundgesundheit. Von einem erh\u00f6hten Mundkrebsrisiko bis hin zu Problemen wie Parodontitis, Infektionen nach Implantationen und Karies - Rauchen gef\u00e4hrdet die Gesundheit Ihrer Z\u00e4hne und Ihres Zahnfleisches. Finden Sie heraus, wie das Rauchen Ihr L\u00e4cheln sch\u00e4digen kann und welche Schritte Sie unternehmen k\u00f6nnen, um es zu sch\u00fctzen.\" \/>\n<meta property=\"og:url\" content=\"https:\/\/antoniomartinezclinicadental.com\/de\/die-folgen-des-rauchens-fuer-die-mundgesundheit\/\" \/>\n<meta property=\"og:site_name\" content=\"Antonio Martinez Cl\u00ednica Dental\" \/>\n<meta property=\"article:publisher\" content=\"https:\/\/www.facebook.com\/p\/Clinica-Dental-Antonio-Martinez-100066372022427\/?locale=es_ES\" \/>\n<meta property=\"article:published_time\" content=\"2024-12-16T08:28:33+00:00\" \/>\n<meta property=\"article:modified_time\" content=\"2025-11-24T17:49:49+00:00\" \/>\n<meta property=\"og:image\" content=\"https:\/\/antoniomartinezclinicadental.com\/wp-content\/uploads\/2024\/12\/fumar-mata.jpg\" \/>\n\t<meta property=\"og:image:width\" content=\"1920\" \/>\n\t<meta property=\"og:image:height\" content=\"1080\" \/>\n\t<meta property=\"og:image:type\" content=\"image\/jpeg\" \/>\n<meta name=\"author\" content=\"antoniomartinezclinicadental@gmail.com\" \/>\n<meta name=\"twitter:card\" content=\"summary_large_image\" \/>\n<meta name=\"twitter:label1\" content=\"Verfasst von\" \/>\n\t<meta name=\"twitter:data1\" content=\"antoniomartinezclinicadental@gmail.com\" \/>\n\t<meta name=\"twitter:label2\" content=\"Gesch\u00e4tzte Lesezeit\" \/>\n\t<meta name=\"twitter:data2\" content=\"5\u00a0Minuten\" \/>\n<script type=\"application\/ld+json\" class=\"yoast-schema-graph\">{\"@context\":\"https:\\\/\\\/schema.org\",\"@graph\":[{\"@type\":\"Article\",\"@id\":\"https:\\\/\\\/antoniomartinezclinicadental.com\\\/de\\\/die-folgen-des-rauchens-fuer-die-mundgesundheit\\\/#article\",\"isPartOf\":{\"@id\":\"https:\\\/\\\/antoniomartinezclinicadental.com\\\/de\\\/die-folgen-des-rauchens-fuer-die-mundgesundheit\\\/\"},\"author\":{\"name\":\"antoniomartinezclinicadental@gmail.com\",\"@id\":\"https:\\\/\\\/antoniomartinezclinicadental.com\\\/de\\\/#\\\/schema\\\/person\\\/fb6e7a180c0e5f3ecf01865e4eb90dab\"},\"headline\":\"Die Folgen des Rauchens f\u00fcr die Mundgesundheit\",\"datePublished\":\"2024-12-16T08:28:33+00:00\",\"dateModified\":\"2025-11-24T17:49:49+00:00\",\"mainEntityOfPage\":{\"@id\":\"https:\\\/\\\/antoniomartinezclinicadental.com\\\/de\\\/die-folgen-des-rauchens-fuer-die-mundgesundheit\\\/\"},\"wordCount\":982,\"publisher\":{\"@id\":\"https:\\\/\\\/antoniomartinezclinicadental.com\\\/de\\\/#organization\"},\"image\":{\"@id\":\"https:\\\/\\\/antoniomartinezclinicadental.com\\\/de\\\/die-folgen-des-rauchens-fuer-die-mundgesundheit\\\/#primaryimage\"},\"thumbnailUrl\":\"https:\\\/\\\/antoniomartinezclinicadental.com\\\/wp-content\\\/uploads\\\/2024\\\/12\\\/fumar-mata.jpg\",\"articleSection\":[\"Artikel\"],\"inLanguage\":\"de\"},{\"@type\":\"WebPage\",\"@id\":\"https:\\\/\\\/antoniomartinezclinicadental.com\\\/de\\\/die-folgen-des-rauchens-fuer-die-mundgesundheit\\\/\",\"url\":\"https:\\\/\\\/antoniomartinezclinicadental.com\\\/de\\\/die-folgen-des-rauchens-fuer-die-mundgesundheit\\\/\",\"name\":\"Die Folgen des Rauchens f\u00fcr die Mundgesundheit - Antonio Martinez Cl\u00ednica Dental\",\"isPartOf\":{\"@id\":\"https:\\\/\\\/antoniomartinezclinicadental.com\\\/de\\\/#website\"},\"primaryImageOfPage\":{\"@id\":\"https:\\\/\\\/antoniomartinezclinicadental.com\\\/de\\\/die-folgen-des-rauchens-fuer-die-mundgesundheit\\\/#primaryimage\"},\"image\":{\"@id\":\"https:\\\/\\\/antoniomartinezclinicadental.com\\\/de\\\/die-folgen-des-rauchens-fuer-die-mundgesundheit\\\/#primaryimage\"},\"thumbnailUrl\":\"https:\\\/\\\/antoniomartinezclinicadental.com\\\/wp-content\\\/uploads\\\/2024\\\/12\\\/fumar-mata.jpg\",\"datePublished\":\"2024-12-16T08:28:33+00:00\",\"dateModified\":\"2025-11-24T17:49:49+00:00\",\"breadcrumb\":{\"@id\":\"https:\\\/\\\/antoniomartinezclinicadental.com\\\/de\\\/die-folgen-des-rauchens-fuer-die-mundgesundheit\\\/#breadcrumb\"},\"inLanguage\":\"de\",\"potentialAction\":[{\"@type\":\"ReadAction\",\"target\":[\"https:\\\/\\\/antoniomartinezclinicadental.com\\\/de\\\/die-folgen-des-rauchens-fuer-die-mundgesundheit\\\/\"]}]},{\"@type\":\"ImageObject\",\"inLanguage\":\"de\",\"@id\":\"https:\\\/\\\/antoniomartinezclinicadental.com\\\/de\\\/die-folgen-des-rauchens-fuer-die-mundgesundheit\\\/#primaryimage\",\"url\":\"https:\\\/\\\/antoniomartinezclinicadental.com\\\/wp-content\\\/uploads\\\/2024\\\/12\\\/fumar-mata.jpg\",\"contentUrl\":\"https:\\\/\\\/antoniomartinezclinicadental.com\\\/wp-content\\\/uploads\\\/2024\\\/12\\\/fumar-mata.jpg\",\"width\":1920,\"height\":1080,\"caption\":\"Salud Dental V\u00e9lez M\u00e1laga Tabaco\"},{\"@type\":\"BreadcrumbList\",\"@id\":\"https:\\\/\\\/antoniomartinezclinicadental.com\\\/de\\\/die-folgen-des-rauchens-fuer-die-mundgesundheit\\\/#breadcrumb\",\"itemListElement\":[{\"@type\":\"ListItem\",\"position\":1,\"name\":\"Home\",\"item\":\"https:\\\/\\\/antoniomartinezclinicadental.com\\\/de\\\/\"},{\"@type\":\"ListItem\",\"position\":2,\"name\":\"Die Folgen des Rauchens f\u00fcr die Mundgesundheit\"}]},{\"@type\":\"WebSite\",\"@id\":\"https:\\\/\\\/antoniomartinezclinicadental.com\\\/de\\\/#website\",\"url\":\"https:\\\/\\\/antoniomartinezclinicadental.com\\\/de\\\/\",\"name\":\"Antonio Martinez Cl\u00ednica Dental\",\"description\":\"Dentista en V\u00e9lez-M\u00e1laga\",\"publisher\":{\"@id\":\"https:\\\/\\\/antoniomartinezclinicadental.com\\\/de\\\/#organization\"},\"potentialAction\":[{\"@type\":\"SearchAction\",\"target\":{\"@type\":\"EntryPoint\",\"urlTemplate\":\"https:\\\/\\\/antoniomartinezclinicadental.com\\\/de\\\/?s={search_term_string}\"},\"query-input\":{\"@type\":\"PropertyValueSpecification\",\"valueRequired\":true,\"valueName\":\"search_term_string\"}}],\"inLanguage\":\"de\"},{\"@type\":\"Organization\",\"@id\":\"https:\\\/\\\/antoniomartinezclinicadental.com\\\/de\\\/#organization\",\"name\":\"Antonio Martinez Cl\u00ednica Dental\",\"url\":\"https:\\\/\\\/antoniomartinezclinicadental.com\\\/de\\\/\",\"logo\":{\"@type\":\"ImageObject\",\"inLanguage\":\"de\",\"@id\":\"https:\\\/\\\/antoniomartinezclinicadental.com\\\/de\\\/#\\\/schema\\\/logo\\\/image\\\/\",\"url\":\"https:\\\/\\\/antoniomartinezclinicadental.com\\\/wp-content\\\/uploads\\\/2025\\\/02\\\/logosinfondo.webp\",\"contentUrl\":\"https:\\\/\\\/antoniomartinezclinicadental.com\\\/wp-content\\\/uploads\\\/2025\\\/02\\\/logosinfondo.webp\",\"width\":533,\"height\":69,\"caption\":\"Antonio Martinez Cl\u00ednica Dental\"},\"image\":{\"@id\":\"https:\\\/\\\/antoniomartinezclinicadental.com\\\/de\\\/#\\\/schema\\\/logo\\\/image\\\/\"},\"sameAs\":[\"https:\\\/\\\/www.facebook.com\\\/p\\\/Clinica-Dental-Antonio-Martinez-100066372022427\\\/?locale=es_ES\",\"https:\\\/\\\/www.instagram.com\\\/antoniomartinezclinicadental\\\/?igsh=MTI2OGtxaDhweHJnbA#\"]},{\"@type\":\"Person\",\"@id\":\"https:\\\/\\\/antoniomartinezclinicadental.com\\\/de\\\/#\\\/schema\\\/person\\\/fb6e7a180c0e5f3ecf01865e4eb90dab\",\"name\":\"antoniomartinezclinicadental@gmail.com\",\"image\":{\"@type\":\"ImageObject\",\"inLanguage\":\"de\",\"@id\":\"https:\\\/\\\/secure.gravatar.com\\\/avatar\\\/289578bf111a774cdf3c4192ddc7b6d5dde7a4dbc654e0cd5b52d050c0f3896d?s=96&d=mm&r=g\",\"url\":\"https:\\\/\\\/secure.gravatar.com\\\/avatar\\\/289578bf111a774cdf3c4192ddc7b6d5dde7a4dbc654e0cd5b52d050c0f3896d?s=96&d=mm&r=g\",\"contentUrl\":\"https:\\\/\\\/secure.gravatar.com\\\/avatar\\\/289578bf111a774cdf3c4192ddc7b6d5dde7a4dbc654e0cd5b52d050c0f3896d?s=96&d=mm&r=g\",\"caption\":\"antoniomartinezclinicadental@gmail.com\"},\"sameAs\":[\"https:\\\/\\\/antoniomartinezclinicadental.com\"],\"url\":\"https:\\\/\\\/antoniomartinezclinicadental.com\\\/de\\\/author\\\/antoniomartinezclinicadentalgmail-com\\\/\"}]}<\/script>\n<!-- \/ Yoast SEO plugin. -->","yoast_head_json":{"title":"Die Folgen des Rauchens f\u00fcr die Mundgesundheit - Antonio Martinez Cl\u00ednica Dental","robots":{"index":"index","follow":"follow","max-snippet":"max-snippet:-1","max-image-preview":"max-image-preview:large","max-video-preview":"max-video-preview:-1"},"canonical":"https:\/\/antoniomartinezclinicadental.com\/de\/die-folgen-des-rauchens-fuer-die-mundgesundheit\/","og_locale":"de_DE","og_type":"article","og_title":"Die Folgen des Rauchens f\u00fcr die Mundgesundheit - Antonio Martinez Cl\u00ednica Dental","og_description":"Rauchen beeintr\u00e4chtigt nicht nur Ihre Lunge und Ihre allgemeine Gesundheit, sondern hat auch ernste Folgen f\u00fcr Ihre Mundgesundheit. Von einem erh\u00f6hten Mundkrebsrisiko bis hin zu Problemen wie Parodontitis, Infektionen nach Implantationen und Karies - Rauchen gef\u00e4hrdet die Gesundheit Ihrer Z\u00e4hne und Ihres Zahnfleisches. Finden Sie heraus, wie das Rauchen Ihr L\u00e4cheln sch\u00e4digen kann und welche Schritte Sie unternehmen k\u00f6nnen, um es zu sch\u00fctzen.","og_url":"https:\/\/antoniomartinezclinicadental.com\/de\/die-folgen-des-rauchens-fuer-die-mundgesundheit\/","og_site_name":"Antonio Martinez Cl\u00ednica Dental","article_publisher":"https:\/\/www.facebook.com\/p\/Clinica-Dental-Antonio-Martinez-100066372022427\/?locale=es_ES","article_published_time":"2024-12-16T08:28:33+00:00","article_modified_time":"2025-11-24T17:49:49+00:00","og_image":[{"width":1920,"height":1080,"url":"https:\/\/antoniomartinezclinicadental.com\/wp-content\/uploads\/2024\/12\/fumar-mata.jpg","type":"image\/jpeg"}],"author":"antoniomartinezclinicadental@gmail.com","twitter_card":"summary_large_image","twitter_misc":{"Verfasst von":"antoniomartinezclinicadental@gmail.com","Gesch\u00e4tzte Lesezeit":"5\u00a0Minuten"},"schema":{"@context":"https:\/\/schema.org","@graph":[{"@type":"Article","@id":"https:\/\/antoniomartinezclinicadental.com\/de\/die-folgen-des-rauchens-fuer-die-mundgesundheit\/#article","isPartOf":{"@id":"https:\/\/antoniomartinezclinicadental.com\/de\/die-folgen-des-rauchens-fuer-die-mundgesundheit\/"},"author":{"name":"antoniomartinezclinicadental@gmail.com","@id":"https:\/\/antoniomartinezclinicadental.com\/de\/#\/schema\/person\/fb6e7a180c0e5f3ecf01865e4eb90dab"},"headline":"Die Folgen des Rauchens f\u00fcr die Mundgesundheit","datePublished":"2024-12-16T08:28:33+00:00","dateModified":"2025-11-24T17:49:49+00:00","mainEntityOfPage":{"@id":"https:\/\/antoniomartinezclinicadental.com\/de\/die-folgen-des-rauchens-fuer-die-mundgesundheit\/"},"wordCount":982,"publisher":{"@id":"https:\/\/antoniomartinezclinicadental.com\/de\/#organization"},"image":{"@id":"https:\/\/antoniomartinezclinicadental.com\/de\/die-folgen-des-rauchens-fuer-die-mundgesundheit\/#primaryimage"},"thumbnailUrl":"https:\/\/antoniomartinezclinicadental.com\/wp-content\/uploads\/2024\/12\/fumar-mata.jpg","articleSection":["Artikel"],"inLanguage":"de"},{"@type":"WebPage","@id":"https:\/\/antoniomartinezclinicadental.com\/de\/die-folgen-des-rauchens-fuer-die-mundgesundheit\/","url":"https:\/\/antoniomartinezclinicadental.com\/de\/die-folgen-des-rauchens-fuer-die-mundgesundheit\/","name":"Die Folgen des Rauchens f\u00fcr die Mundgesundheit - Antonio Martinez Cl\u00ednica Dental","isPartOf":{"@id":"https:\/\/antoniomartinezclinicadental.com\/de\/#website"},"primaryImageOfPage":{"@id":"https:\/\/antoniomartinezclinicadental.com\/de\/die-folgen-des-rauchens-fuer-die-mundgesundheit\/#primaryimage"},"image":{"@id":"https:\/\/antoniomartinezclinicadental.com\/de\/die-folgen-des-rauchens-fuer-die-mundgesundheit\/#primaryimage"},"thumbnailUrl":"https:\/\/antoniomartinezclinicadental.com\/wp-content\/uploads\/2024\/12\/fumar-mata.jpg","datePublished":"2024-12-16T08:28:33+00:00","dateModified":"2025-11-24T17:49:49+00:00","breadcrumb":{"@id":"https:\/\/antoniomartinezclinicadental.com\/de\/die-folgen-des-rauchens-fuer-die-mundgesundheit\/#breadcrumb"},"inLanguage":"de","potentialAction":[{"@type":"ReadAction","target":["https:\/\/antoniomartinezclinicadental.com\/de\/die-folgen-des-rauchens-fuer-die-mundgesundheit\/"]}]},{"@type":"ImageObject","inLanguage":"de","@id":"https:\/\/antoniomartinezclinicadental.com\/de\/die-folgen-des-rauchens-fuer-die-mundgesundheit\/#primaryimage","url":"https:\/\/antoniomartinezclinicadental.com\/wp-content\/uploads\/2024\/12\/fumar-mata.jpg","contentUrl":"https:\/\/antoniomartinezclinicadental.com\/wp-content\/uploads\/2024\/12\/fumar-mata.jpg","width":1920,"height":1080,"caption":"Salud Dental V\u00e9lez M\u00e1laga Tabaco"},{"@type":"BreadcrumbList","@id":"https:\/\/antoniomartinezclinicadental.com\/de\/die-folgen-des-rauchens-fuer-die-mundgesundheit\/#breadcrumb","itemListElement":[{"@type":"ListItem","position":1,"name":"Home","item":"https:\/\/antoniomartinezclinicadental.com\/de\/"},{"@type":"ListItem","position":2,"name":"Die Folgen des Rauchens f\u00fcr die Mundgesundheit"}]},{"@type":"WebSite","@id":"https:\/\/antoniomartinezclinicadental.com\/de\/#website","url":"https:\/\/antoniomartinezclinicadental.com\/de\/","name":"Antonio Martinez Cl\u00ednica Dental","description":"Dentista en V\u00e9lez-M\u00e1laga","publisher":{"@id":"https:\/\/antoniomartinezclinicadental.com\/de\/#organization"},"potentialAction":[{"@type":"SearchAction","target":{"@type":"EntryPoint","urlTemplate":"https:\/\/antoniomartinezclinicadental.com\/de\/?s={search_term_string}"},"query-input":{"@type":"PropertyValueSpecification","valueRequired":true,"valueName":"search_term_string"}}],"inLanguage":"de"},{"@type":"Organization","@id":"https:\/\/antoniomartinezclinicadental.com\/de\/#organization","name":"Antonio Martinez Cl\u00ednica Dental","url":"https:\/\/antoniomartinezclinicadental.com\/de\/","logo":{"@type":"ImageObject","inLanguage":"de","@id":"https:\/\/antoniomartinezclinicadental.com\/de\/#\/schema\/logo\/image\/","url":"https:\/\/antoniomartinezclinicadental.com\/wp-content\/uploads\/2025\/02\/logosinfondo.webp","contentUrl":"https:\/\/antoniomartinezclinicadental.com\/wp-content\/uploads\/2025\/02\/logosinfondo.webp","width":533,"height":69,"caption":"Antonio Martinez Cl\u00ednica Dental"},"image":{"@id":"https:\/\/antoniomartinezclinicadental.com\/de\/#\/schema\/logo\/image\/"},"sameAs":["https:\/\/www.facebook.com\/p\/Clinica-Dental-Antonio-Martinez-100066372022427\/?locale=es_ES","https:\/\/www.instagram.com\/antoniomartinezclinicadental\/?igsh=MTI2OGtxaDhweHJnbA#"]},{"@type":"Person","@id":"https:\/\/antoniomartinezclinicadental.com\/de\/#\/schema\/person\/fb6e7a180c0e5f3ecf01865e4eb90dab","name":"antoniomartinezclinicadental@gmail.com","image":{"@type":"ImageObject","inLanguage":"de","@id":"https:\/\/secure.gravatar.com\/avatar\/289578bf111a774cdf3c4192ddc7b6d5dde7a4dbc654e0cd5b52d050c0f3896d?s=96&d=mm&r=g","url":"https:\/\/secure.gravatar.com\/avatar\/289578bf111a774cdf3c4192ddc7b6d5dde7a4dbc654e0cd5b52d050c0f3896d?s=96&d=mm&r=g","contentUrl":"https:\/\/secure.gravatar.com\/avatar\/289578bf111a774cdf3c4192ddc7b6d5dde7a4dbc654e0cd5b52d050c0f3896d?s=96&d=mm&r=g","caption":"antoniomartinezclinicadental@gmail.com"},"sameAs":["https:\/\/antoniomartinezclinicadental.com"],"url":"https:\/\/antoniomartinezclinicadental.com\/de\/author\/antoniomartinezclinicadentalgmail-com\/"}]}},"_links":{"self":[{"href":"https:\/\/antoniomartinezclinicadental.com\/de\/wp-json\/wp\/v2\/posts\/14795","targetHints":{"allow":["GET"]}}],"collection":[{"href":"https:\/\/antoniomartinezclinicadental.com\/de\/wp-json\/wp\/v2\/posts"}],"about":[{"href":"https:\/\/antoniomartinezclinicadental.com\/de\/wp-json\/wp\/v2\/types\/post"}],"author":[{"embeddable":true,"href":"https:\/\/antoniomartinezclinicadental.com\/de\/wp-json\/wp\/v2\/users\/1"}],"replies":[{"embeddable":true,"href":"https:\/\/antoniomartinezclinicadental.com\/de\/wp-json\/wp\/v2\/comments?post=14795"}],"version-history":[{"count":1,"href":"https:\/\/antoniomartinezclinicadental.com\/de\/wp-json\/wp\/v2\/posts\/14795\/revisions"}],"predecessor-version":[{"id":14803,"href":"https:\/\/antoniomartinezclinicadental.com\/de\/wp-json\/wp\/v2\/posts\/14795\/revisions\/14803"}],"wp:featuredmedia":[{"embeddable":true,"href":"https:\/\/antoniomartinezclinicadental.com\/de\/wp-json\/wp\/v2\/media\/14801"}],"wp:attachment":[{"href":"https:\/\/antoniomartinezclinicadental.com\/de\/wp-json\/wp\/v2\/media?parent=14795"}],"wp:term":[{"taxonomy":"category","embeddable":true,"href":"https:\/\/antoniomartinezclinicadental.com\/de\/wp-json\/wp\/v2\/categories?post=14795"},{"taxonomy":"post_tag","embeddable":true,"href":"https:\/\/antoniomartinezclinicadental.com\/de\/wp-json\/wp\/v2\/tags?post=14795"}],"curies":[{"name":"wp","href":"https:\/\/api.w.org\/{rel}","templated":true}]}}